{"id":21687,"date":"2008-08-22T18:11:11","date_gmt":"2008-08-22T18:11:11","guid":{"rendered":"https:\/\/obscom.intervozes.org.br\/wordpress\/?p=21687"},"modified":"2008-08-22T18:11:11","modified_gmt":"2008-08-22T18:11:11","slug":"o-clamor-pela-conferencia-de-comunicacao","status":"publish","type":"post","link":"https:\/\/obscom.intervozes.org.br\/?p=21687","title":{"rendered":"O clamor pela confer\u00eancia de comunica\u00e7\u00e3o"},"content":{"rendered":"<p>   \t \t \t \t \t<!-- \t\t@page { margin: 2cm } \t\tP { margin-bottom: 0.21cm } \t--> \t         <\/p>\n<p style=\"margin-bottom: 0cm\" class=\"western\">Diante da encarni&ccedil;ada resist&ecirc;ncia de setores do governo Lula em realizar a almejada Confer&ecirc;ncia Nacional de Comunica&ccedil;&atilde;o, os arrojados baianos decidiram &quot;chutar o pau da barraca&quot;. De 14 a 16 de agosto, em Salvador, cerca de 400 delegados eleitos e observadores de v&aacute;rias partes do estado realizaram a 1&ordf; Confer&ecirc;ncia de Comunica&ccedil;&atilde;o Social da Bahia. Como afirma Maur&iacute;cio Thuswohl, da Ag&ecirc;ncia Carta Maior, o evento &quot;j&aacute; faz parte da hist&oacute;ria da luta pela democratiza&ccedil;&atilde;o da m&iacute;dia no Brasil&quot; e serviu de forte impulso para dobrar as relut&acirc;ncias no interior do governo federal.<\/p>\n<p>A &quot;Carta da Bahia&quot;, aprovada na ocasi&atilde;o, apresenta v&aacute;rias propostas para democratizar os meios de comunica&ccedil;&atilde;o e ser&aacute; encaminhada ao presidente Lula. &quot;Sem a pr&aacute;tica da livre produ&ccedil;&atilde;o social de conte&uacute;do nas escolas, portais da internet, salas virtuais, jornais, revistas, cinemas, r&aacute;dios e televis&otilde;es, isto &eacute;, sem a democracia na comunica&ccedil;&atilde;o, n&atilde;o nos produziremos como seres sociais pol&iacute;ticos &ndash; cidad&atilde;os e cidad&atilde;s &ndash; capazes de pensar coletivamente e dialogar com os nossos representantes nas esferas e inst&acirc;ncias do Estado brasileiro&quot;, adverte o documento.<\/p>\n<p><strong>Monop&oacute;lios de minorias privilegiadas<\/strong><\/p>\n<p>Numa perspectiva emancipadora, a Carta da Bahia tamb&eacute;m faz duras cr&iacute;ticas &agrave; ditadura midi&aacute;tica no pa&iacute;s. &quot;Se nos for garantido o direito &agrave; comunica&ccedil;&atilde;o, iremos assim quebrando paulatinamente os monop&oacute;lios de minorias privilegiadas sobre os meios de comunica&ccedil;&atilde;o de massa e combatendo os imp&eacute;rios olig&aacute;rquicos regionais vinculados &agrave; propriedade privada sobre a terra e os meios de produ&ccedil;&atilde;o&quot;. Como parte deste esfor&ccedil;o pela amplia&ccedil;&atilde;o da democracia, na qual a democratiza&ccedil;&atilde;o da m&iacute;dia &eacute; parte indispens&aacute;vel, os participantes aprovaram por consenso a urg&ecirc;ncia da realiza&ccedil;&atilde;o da Confer&ecirc;ncia Nacional de Comunica&ccedil;&atilde;o, com etapas pr&eacute;vias em todos os estados brasileiros.<\/p>\n<p>Ficou patente que s&oacute; com muita press&atilde;o social e articula&ccedil;&atilde;o pol&iacute;tica esse objetivo ser&aacute; alcan&ccedil;ado. Afinal, as nove fam&iacute;lias que controlam mais de 80% dos meios de comunica&ccedil;&atilde;o no pa&iacute;s n&atilde;o ir&atilde;o abrir m&atilde;o do seu monstruoso poder. &quot;Com muito dinheiro, influ&ecirc;ncia no Congresso Nacional e no Judici&aacute;rio e donas de um poder de penetra&ccedil;&atilde;o no imagin&aacute;rio nacional capaz de fazer e destruir reputa&ccedil;&otilde;es (e governos) em poucos dias, essas empresas, ao menos por enquanto, encontram-se imunes &agrave;s transforma&ccedil;&otilde;es democr&aacute;ticas que ocorrem no pa&iacute;s&quot;, diz Thuswohl. Elas n&atilde;o aceitam &quot;efetuar qualquer mudan&ccedil;a nas atuais regras do jogo, dos quais s&atilde;o benefici&aacute;rias hist&oacute;ricas&quot;.<strong><\/p>\n<p>&quot;Quest&atilde;o de correla&ccedil;&atilde;o de for&ccedil;as&quot;<\/strong><\/p>\n<p>A derrota da ditadura midi&aacute;tica, como revelou o jornalista Carlos Tib&uacute;rcio, assessor especial da Presid&ecirc;ncia da Rep&uacute;blica, depende da press&atilde;o social. N&atilde;o ser&aacute; enfrentada pelo governo Lula. &quot;&Eacute; uma quest&atilde;o de correla&ccedil;&atilde;o de for&ccedil;as. Enfrentar essa batalha depende de ousadia, como aqui da Bahia, mas depende, sobretudo, do ac&uacute;mulo de for&ccedil;as&quot;, alegou. Neste sentido, o encontro baiano, assim como a peti&ccedil;&atilde;o que j&aacute; circula exigindo a confer&ecirc;ncia nacional e o recente F&oacute;rum de M&iacute;dia Livre, s&atilde;o passos decisivos na luta contra a m&iacute;dia hegem&ocirc;nica e seus agentes no governo. Serve de refor&ccedil;o aos que t&ecirc;m coragem e de alerta aos que se intimidam diante da oligarquia midi&aacute;tica.<\/p>\n<p>O encontro baiano comprovou que &eacute; plenamente poss&iacute;vel realizar uma confer&ecirc;ncia nacional, que respeite a diversidade de opini&otilde;es e atores sociais e aponte os caminhos para maior pluralidade informativa no pa&iacute;s. Neste sentido, o governo da Bahia deu uma li&ccedil;&atilde;o a Bras&iacute;lia, realizando uma parceria respeitosa com os movimentos sociais engajados na luta pela democratiza&ccedil;&atilde;o da m&iacute;dia. Para Robinson Almeida, secret&aacute;rio de comunica&ccedil;&atilde;o de Jacques Wagner, &quot;os historiadores, no futuro, ir&atilde;o registrar o que aconteceu no estado em agosto de 2008&quot;. Sem d&uacute;vida, a confer&ecirc;ncia baiana ajudou a quebrar o tabu de que a m&iacute;dia hegem&ocirc;nica &eacute; intoc&aacute;vel e est&aacute; acima da sociedade.<\/p>\n<p><em>* Altamiro Borges &eacute; jornalista.<\/em><\/p>\n","protected":false},"excerpt":{"rendered":"<p>Diante da encarni&ccedil;ada resist&ecirc;ncia de setores do governo Lula em realizar a almejada Confer&ecirc;ncia Nacional de Comunica&ccedil;&atilde;o, os arrojados baianos decidiram &quot;chutar o pau da barraca&quot;. De 14 a 16 de agosto, em Salvador, cerca de 400 delegados eleitos e observadores de v&aacute;rias partes do estado realizaram a 1&ordf; Confer&ecirc;ncia de Comunica&ccedil;&atilde;o Social da Bahia. &hellip; <a href=\"https:\/\/obscom.intervozes.org.br\/?p=21687\" class=\"more-link\">Continue lendo <span class=\"screen-reader-text\">O clamor pela confer\u00eancia de comunica\u00e7\u00e3o<\/span> <span class=\"meta-nav\">&rarr;<\/span><\/a><\/p>\n","protected":false},"author":1,"featured_media":0,"comment_status":"open","ping_status":"open","sticky":false,"template":"","format":"standard","meta":{"footnotes":""},"categories":[42],"tags":[840],"_links":{"self":[{"href":"https:\/\/obscom.intervozes.org.br\/index.php?rest_route=\/wp\/v2\/posts\/21687"}],"collection":[{"href":"https:\/\/obscom.intervozes.org.br\/index.php?rest_route=\/wp\/v2\/posts"}],"about":[{"href":"https:\/\/obscom.intervozes.org.br\/index.php?rest_route=\/wp\/v2\/types\/post"}],"author":[{"embeddable":true,"href":"https:\/\/obscom.intervozes.org.br\/index.php?rest_route=\/wp\/v2\/users\/1"}],"replies":[{"embeddable":true,"href":"https:\/\/obscom.intervozes.org.br\/index.php?rest_route=%2Fwp%2Fv2%2Fcomments&post=21687"}],"version-history":[{"count":0,"href":"https:\/\/obscom.intervozes.org.br\/index.php?rest_route=\/wp\/v2\/posts\/21687\/revisions"}],"wp:attachment":[{"href":"https:\/\/obscom.intervozes.org.br\/index.php?rest_route=%2Fwp%2Fv2%2Fmedia&parent=21687"}],"wp:term":[{"taxonomy":"category","embeddable":true,"href":"https:\/\/obscom.intervozes.org.br\/index.php?rest_route=%2Fwp%2Fv2%2Fcategories&post=21687"},{"taxonomy":"post_tag","embeddable":true,"href":"https:\/\/obscom.intervozes.org.br\/index.php?rest_route=%2Fwp%2Fv2%2Ftags&post=21687"}],"curies":[{"name":"wp","href":"https:\/\/api.w.org\/{rel}","templated":true}]}}