{"id":21684,"date":"2008-08-22T15:57:34","date_gmt":"2008-08-22T15:57:34","guid":{"rendered":"https:\/\/obscom.intervozes.org.br\/wordpress\/?p=21684"},"modified":"2008-08-22T15:57:34","modified_gmt":"2008-08-22T15:57:34","slug":"comissao-de-infra-estrutura-do-senado-aprova-nova-audiencia-sobre-fusao-brt-oi","status":"publish","type":"post","link":"https:\/\/obscom.intervozes.org.br\/?p=21684","title":{"rendered":"Comiss\u00e3o de Infra-estrutura do Senado aprova nova audi\u00eancia sobre fus\u00e3o BrT-Oi"},"content":{"rendered":"<p>   \t \t \t \t \t<!-- \t\t@page { margin: 2cm } \t\tP { margin-bottom: 0.21cm } \t--> \t   <\/p>\n<p class=\"western\">A Comiss&atilde;o de Servi&ccedil;os de Infra-Estrutura (CI) aprovou requerimento do senador Romeu Tuma (PTB-SP) para a realiza&ccedil;&atilde;o de audi&ecirc;ncia p&uacute;blica sobre a fus&atilde;o entre Oi e Brasil Telecom. Ser&atilde;o convidados o ministro das Comunica&ccedil;&otilde;es, H&eacute;lio Costa, o presidente da Ag&ecirc;ncia Nacional de Telecomunica&ccedil;&otilde;es (Anatel), Ronaldo Sardenberg, e representantes do Conselho Administrativo de Defesa Econ&ocirc;mica (Cade) e da Secretaria de Direito Econ&ocirc;mico do Minist&eacute;rio da Justi&ccedil;a.<\/p>\n<p>A principal justificativa para a audi&ecirc;ncia &eacute; o temor de que a fus&atilde;o resulte em concentra&ccedil;&atilde;o excessiva do mercado. Al&eacute;m disso, os senadores querem ouvir a respeito dos impactos relacionados &agrave;s mudan&ccedil;as na legisla&ccedil;&atilde;o do setor, que vem sendo propostas pela Anatel para autorizar a fus&atilde;o.<\/p>\n<p>A audi&ecirc;ncia poder&aacute; ser realizada em conjunto com a Comiss&atilde;o de Ci&ecirc;ncia, Tecnologia, Inova&ccedil;&atilde;o, Comunica&ccedil;&atilde;o e Inform&aacute;tica (CCT), que tamb&eacute;m aprovou requerimento semelhante.<\/p>\n<p><em>Com informa&ccedil;&otilde;es da Ag&ecirc;ncia Senado<\/em><\/p>\n","protected":false},"excerpt":{"rendered":"<p>A Comiss&atilde;o de Servi&ccedil;os de Infra-Estrutura (CI) aprovou requerimento do senador Romeu Tuma (PTB-SP) para a realiza&ccedil;&atilde;o de audi&ecirc;ncia p&uacute;blica sobre a fus&atilde;o entre Oi e Brasil Telecom. Ser&atilde;o convidados o ministro das Comunica&ccedil;&otilde;es, H&eacute;lio Costa, o presidente da Ag&ecirc;ncia Nacional de Telecomunica&ccedil;&otilde;es (Anatel), Ronaldo Sardenberg, e representantes do Conselho Administrativo de Defesa Econ&ocirc;mica (Cade) &hellip; <a href=\"https:\/\/obscom.intervozes.org.br\/?p=21684\" class=\"more-link\">Continue lendo <span class=\"screen-reader-text\">Comiss\u00e3o de Infra-estrutura do Senado aprova nova audi\u00eancia sobre fus\u00e3o BrT-Oi<\/span> <span class=\"meta-nav\">&rarr;<\/span><\/a><\/p>\n","protected":false},"author":1,"featured_media":0,"comment_status":"open","ping_status":"open","sticky":false,"template":"","format":"standard","meta":{"footnotes":""},"categories":[39],"tags":[],"_links":{"self":[{"href":"https:\/\/obscom.intervozes.org.br\/index.php?rest_route=\/wp\/v2\/posts\/21684"}],"collection":[{"href":"https:\/\/obscom.intervozes.org.br\/index.php?rest_route=\/wp\/v2\/posts"}],"about":[{"href":"https:\/\/obscom.intervozes.org.br\/index.php?rest_route=\/wp\/v2\/types\/post"}],"author":[{"embeddable":true,"href":"https:\/\/obscom.intervozes.org.br\/index.php?rest_route=\/wp\/v2\/users\/1"}],"replies":[{"embeddable":true,"href":"https:\/\/obscom.intervozes.org.br\/index.php?rest_route=%2Fwp%2Fv2%2Fcomments&post=21684"}],"version-history":[{"count":0,"href":"https:\/\/obscom.intervozes.org.br\/index.php?rest_route=\/wp\/v2\/posts\/21684\/revisions"}],"wp:attachment":[{"href":"https:\/\/obscom.intervozes.org.br\/index.php?rest_route=%2Fwp%2Fv2%2Fmedia&parent=21684"}],"wp:term":[{"taxonomy":"category","embeddable":true,"href":"https:\/\/obscom.intervozes.org.br\/index.php?rest_route=%2Fwp%2Fv2%2Fcategories&post=21684"},{"taxonomy":"post_tag","embeddable":true,"href":"https:\/\/obscom.intervozes.org.br\/index.php?rest_route=%2Fwp%2Fv2%2Ftags&post=21684"}],"curies":[{"name":"wp","href":"https:\/\/api.w.org\/{rel}","templated":true}]}}