{"id":21682,"date":"2008-08-22T15:19:19","date_gmt":"2008-08-22T15:19:19","guid":{"rendered":"https:\/\/obscom.intervozes.org.br\/wordpress\/?p=21682"},"modified":"2008-08-22T15:19:19","modified_gmt":"2008-08-22T15:19:19","slug":"ministro-promete-audiencias-publicas-sobre-regulamentacao-da-profissao-de-jornalista","status":"publish","type":"post","link":"https:\/\/obscom.intervozes.org.br\/?p=21682","title":{"rendered":"Ministro promete audi\u00eancias p\u00fablicas sobre regulamenta\u00e7\u00e3o da profiss\u00e3o de jornalista"},"content":{"rendered":"<p><span class=\"padrao\"><u><strong>Reproduzido da Ag&ecirc;ncia Brasil<\/strong><\/u><\/p>\n<p>O ministro do Trabalho e Emprego, Carlos Lupi, afirmou no 33&ordm; Congresso Nacional dos Jornalistas, que a posi&ccedil;&atilde;o do governo a respeito da regulamenta&ccedil;&atilde;o da profiss&atilde;o n&atilde;o &eacute; pr&eacute;-concebida. Ele informou que foi criada uma comiss&atilde;o para discutir a quest&atilde;o publicamente. <\/p>\n<p>O ministro disse que pretende fazer cinco audi&ecirc;ncias p&uacute;blicas por meio de teleconfer&ecirc;ncias, uma em cada regi&atilde;o do pa&iacute;s, para que todos possam discutir e opinar a respeito do assunto.<\/p>\n<p>&ldquo;N&oacute;s n&atilde;o queremos nos limitar &agrave; opini&atilde;o de qualquer iluminado. N&oacute;s queremos ver como se d&aacute; a regulamenta&ccedil;&atilde;o dessa profiss&atilde;o de uma maneira que a opini&atilde;o p&uacute;blica possa opinar. O objetivo dessa comiss&atilde;o &eacute; discutir, &eacute; ver os pr&oacute;s e os contras, &eacute; avaliar de que maneira eficiente, definitivamente, se resolva isso&rdquo;, afirmou.<\/p>\n<p><\/span>Ele ressaltou que pretende, em 90 dias, que haja um resultado definitivo para a quest&atilde;o.<\/p>\n<p>Lupi disse que na discuss&atilde;o incluir&aacute; temas como a precariza&ccedil;&atilde;o do trabalho nas reda&ccedil;&otilde;es, o pagamento de horas extras e a explora&ccedil;&atilde;o do jornalista.   <\/p>\n","protected":false},"excerpt":{"rendered":"<p>Reproduzido da Ag&ecirc;ncia Brasil O ministro do Trabalho e Emprego, Carlos Lupi, afirmou no 33&ordm; Congresso Nacional dos Jornalistas, que a posi&ccedil;&atilde;o do governo a respeito da regulamenta&ccedil;&atilde;o da profiss&atilde;o n&atilde;o &eacute; pr&eacute;-concebida. Ele informou que foi criada uma comiss&atilde;o para discutir a quest&atilde;o publicamente. O ministro disse que pretende fazer cinco audi&ecirc;ncias p&uacute;blicas por &hellip; <a href=\"https:\/\/obscom.intervozes.org.br\/?p=21682\" class=\"more-link\">Continue lendo <span class=\"screen-reader-text\">Ministro promete audi\u00eancias p\u00fablicas sobre regulamenta\u00e7\u00e3o da profiss\u00e3o de jornalista<\/span> <span class=\"meta-nav\">&rarr;<\/span><\/a><\/p>\n","protected":false},"author":1,"featured_media":0,"comment_status":"open","ping_status":"open","sticky":false,"template":"","format":"standard","meta":{"footnotes":""},"categories":[39],"tags":[],"_links":{"self":[{"href":"https:\/\/obscom.intervozes.org.br\/index.php?rest_route=\/wp\/v2\/posts\/21682"}],"collection":[{"href":"https:\/\/obscom.intervozes.org.br\/index.php?rest_route=\/wp\/v2\/posts"}],"about":[{"href":"https:\/\/obscom.intervozes.org.br\/index.php?rest_route=\/wp\/v2\/types\/post"}],"author":[{"embeddable":true,"href":"https:\/\/obscom.intervozes.org.br\/index.php?rest_route=\/wp\/v2\/users\/1"}],"replies":[{"embeddable":true,"href":"https:\/\/obscom.intervozes.org.br\/index.php?rest_route=%2Fwp%2Fv2%2Fcomments&post=21682"}],"version-history":[{"count":0,"href":"https:\/\/obscom.intervozes.org.br\/index.php?rest_route=\/wp\/v2\/posts\/21682\/revisions"}],"wp:attachment":[{"href":"https:\/\/obscom.intervozes.org.br\/index.php?rest_route=%2Fwp%2Fv2%2Fmedia&parent=21682"}],"wp:term":[{"taxonomy":"category","embeddable":true,"href":"https:\/\/obscom.intervozes.org.br\/index.php?rest_route=%2Fwp%2Fv2%2Fcategories&post=21682"},{"taxonomy":"post_tag","embeddable":true,"href":"https:\/\/obscom.intervozes.org.br\/index.php?rest_route=%2Fwp%2Fv2%2Ftags&post=21682"}],"curies":[{"name":"wp","href":"https:\/\/api.w.org\/{rel}","templated":true}]}}