{"id":21678,"date":"2008-08-22T14:57:14","date_gmt":"2008-08-22T14:57:14","guid":{"rendered":"https:\/\/obscom.intervozes.org.br\/wordpress\/?p=21678"},"modified":"2008-08-22T14:57:14","modified_gmt":"2008-08-22T14:57:14","slug":"franca-proibe-programas-de-televisao-para-criancas-menores-de-3-anos","status":"publish","type":"post","link":"https:\/\/obscom.intervozes.org.br\/?p=21678","title":{"rendered":"Fran\u00e7a pro\u00edbe programas de televis\u00e3o para crian\u00e7as menores de 3 anos"},"content":{"rendered":"<p>   \t \t \t \t \t<!-- \t\t@page { margin: 2cm } \t\tP { margin-bottom: 0.21cm } \t--><u><strong>Reproduzido do Portal Imprensa<\/strong><\/u><\/p>\n<p>O Conselho Superior para o Audiovisual (CSA) de Fran&ccedil;a decidiu proibir as cadeias de televis&atilde;o do pa&iacute;s de editar, difundir ou promover programas de televis&atilde;o destinadas especificamente a crian&ccedil;as menores de 3 anos, segundo informa&ccedil;&otilde;es do site Di&aacute;rio Digital.<\/p>\n<p>O jornal espanhol <em>El Mundo<\/em> informou que a medida atinge igualmente os distribuidores de conte&uacute;dos de televis&atilde;o estrangeiros destinados a esta faixa et&aacute;ria, os quais dever&atilde;o incluir nos programas um aviso leg&iacute;vel e facilmente compreens&iacute;vel, alertando que &quot;ver televis&atilde;o pode interferir no desenvolvimento normal das crian&ccedil;as com menos de 3 anos, mesmo tratando-se de programas criados especificamente para as mesmas&quot;.<\/p>\n<p>De acordo com o CSA, que recorda as recomenda&ccedil;&otilde;es do Minist&eacute;rio da Sa&uacute;de franc&ecirc;s no mesmo sentido, ao assistir programas televisivos, crian&ccedil;as com menos de 3 anos podem ficar passivas, ter atraso na fala, apresentar problemas no sono, na capacidade de concentra&ccedil;&atilde;o e uma maior depend&ecirc;ncia das fraldas.   <\/p>\n","protected":false},"excerpt":{"rendered":"<p>Reproduzido do Portal Imprensa O Conselho Superior para o Audiovisual (CSA) de Fran&ccedil;a decidiu proibir as cadeias de televis&atilde;o do pa&iacute;s de editar, difundir ou promover programas de televis&atilde;o destinadas especificamente a crian&ccedil;as menores de 3 anos, segundo informa&ccedil;&otilde;es do site Di&aacute;rio Digital. O jornal espanhol El Mundo informou que a medida atinge igualmente os &hellip; <a href=\"https:\/\/obscom.intervozes.org.br\/?p=21678\" class=\"more-link\">Continue lendo <span class=\"screen-reader-text\">Fran\u00e7a pro\u00edbe programas de televis\u00e3o para crian\u00e7as menores de 3 anos<\/span> <span class=\"meta-nav\">&rarr;<\/span><\/a><\/p>\n","protected":false},"author":1,"featured_media":0,"comment_status":"open","ping_status":"open","sticky":false,"template":"","format":"standard","meta":{"footnotes":""},"categories":[39],"tags":[],"_links":{"self":[{"href":"https:\/\/obscom.intervozes.org.br\/index.php?rest_route=\/wp\/v2\/posts\/21678"}],"collection":[{"href":"https:\/\/obscom.intervozes.org.br\/index.php?rest_route=\/wp\/v2\/posts"}],"about":[{"href":"https:\/\/obscom.intervozes.org.br\/index.php?rest_route=\/wp\/v2\/types\/post"}],"author":[{"embeddable":true,"href":"https:\/\/obscom.intervozes.org.br\/index.php?rest_route=\/wp\/v2\/users\/1"}],"replies":[{"embeddable":true,"href":"https:\/\/obscom.intervozes.org.br\/index.php?rest_route=%2Fwp%2Fv2%2Fcomments&post=21678"}],"version-history":[{"count":0,"href":"https:\/\/obscom.intervozes.org.br\/index.php?rest_route=\/wp\/v2\/posts\/21678\/revisions"}],"wp:attachment":[{"href":"https:\/\/obscom.intervozes.org.br\/index.php?rest_route=%2Fwp%2Fv2%2Fmedia&parent=21678"}],"wp:term":[{"taxonomy":"category","embeddable":true,"href":"https:\/\/obscom.intervozes.org.br\/index.php?rest_route=%2Fwp%2Fv2%2Fcategories&post=21678"},{"taxonomy":"post_tag","embeddable":true,"href":"https:\/\/obscom.intervozes.org.br\/index.php?rest_route=%2Fwp%2Fv2%2Ftags&post=21678"}],"curies":[{"name":"wp","href":"https:\/\/api.w.org\/{rel}","templated":true}]}}