{"id":21676,"date":"2008-08-20T18:44:41","date_gmt":"2008-08-20T18:44:41","guid":{"rendered":"https:\/\/obscom.intervozes.org.br\/wordpress\/?p=21676"},"modified":"2008-08-20T18:44:41","modified_gmt":"2008-08-20T18:44:41","slug":"comissao-do-senado-aprova-indicacao-de-emilia-ribeiro-para-diretoria-da-anatel","status":"publish","type":"post","link":"https:\/\/obscom.intervozes.org.br\/?p=21676","title":{"rendered":"Comiss\u00e3o do Senado aprova indica\u00e7\u00e3o de Em\u00edlia Ribeiro para diretoria da Anatel"},"content":{"rendered":"<p class=\"western\"><u><strong>Reproduzido da Ag&ecirc;ncia Brasil<\/strong><\/u><\/p>\n<p>A indica&ccedil;&atilde;o da assessora da presid&ecirc;ncia do Senado, Em&iacute;lia Ribeiro, para a diretoria da  Ag&ecirc;ncia Nacional de Telecomunica&ccedil;&otilde;es (Anatel) foi aprovada hoje (20) na Comiss&atilde;o de Infra-Estrutura do Senado Federal, por 13 votos favor&aacute;veis e 5 contr&aacute;rios.<\/p>\n<p>Ao responder os questionamentos dos senadores, em sabatina realizada na comiss&atilde;o, Em&iacute;lia garantiu que sua ida &agrave; Anatel n&atilde;o &eacute; decisiva para a fus&atilde;o das empresas OI e Brasil Telecom. &ldquo;Vou complementar, dar id&eacute;ias, participar&rdquo;, disse. A indica&ccedil;&atilde;o da assessora ainda tem que ser aprovada pelo Plen&aacute;rio da Casa.<\/p>\n","protected":false},"excerpt":{"rendered":"<p>Reproduzido da Ag&ecirc;ncia Brasil A indica&ccedil;&atilde;o da assessora da presid&ecirc;ncia do Senado, Em&iacute;lia Ribeiro, para a diretoria da Ag&ecirc;ncia Nacional de Telecomunica&ccedil;&otilde;es (Anatel) foi aprovada hoje (20) na Comiss&atilde;o de Infra-Estrutura do Senado Federal, por 13 votos favor&aacute;veis e 5 contr&aacute;rios. Ao responder os questionamentos dos senadores, em sabatina realizada na comiss&atilde;o, Em&iacute;lia garantiu que &hellip; <a href=\"https:\/\/obscom.intervozes.org.br\/?p=21676\" class=\"more-link\">Continue lendo <span class=\"screen-reader-text\">Comiss\u00e3o do Senado aprova indica\u00e7\u00e3o de Em\u00edlia Ribeiro para diretoria da Anatel<\/span> <span class=\"meta-nav\">&rarr;<\/span><\/a><\/p>\n","protected":false},"author":1,"featured_media":0,"comment_status":"open","ping_status":"open","sticky":false,"template":"","format":"standard","meta":{"footnotes":""},"categories":[39],"tags":[],"_links":{"self":[{"href":"https:\/\/obscom.intervozes.org.br\/index.php?rest_route=\/wp\/v2\/posts\/21676"}],"collection":[{"href":"https:\/\/obscom.intervozes.org.br\/index.php?rest_route=\/wp\/v2\/posts"}],"about":[{"href":"https:\/\/obscom.intervozes.org.br\/index.php?rest_route=\/wp\/v2\/types\/post"}],"author":[{"embeddable":true,"href":"https:\/\/obscom.intervozes.org.br\/index.php?rest_route=\/wp\/v2\/users\/1"}],"replies":[{"embeddable":true,"href":"https:\/\/obscom.intervozes.org.br\/index.php?rest_route=%2Fwp%2Fv2%2Fcomments&post=21676"}],"version-history":[{"count":0,"href":"https:\/\/obscom.intervozes.org.br\/index.php?rest_route=\/wp\/v2\/posts\/21676\/revisions"}],"wp:attachment":[{"href":"https:\/\/obscom.intervozes.org.br\/index.php?rest_route=%2Fwp%2Fv2%2Fmedia&parent=21676"}],"wp:term":[{"taxonomy":"category","embeddable":true,"href":"https:\/\/obscom.intervozes.org.br\/index.php?rest_route=%2Fwp%2Fv2%2Fcategories&post=21676"},{"taxonomy":"post_tag","embeddable":true,"href":"https:\/\/obscom.intervozes.org.br\/index.php?rest_route=%2Fwp%2Fv2%2Ftags&post=21676"}],"curies":[{"name":"wp","href":"https:\/\/api.w.org\/{rel}","templated":true}]}}