{"id":21675,"date":"2008-08-20T18:43:21","date_gmt":"2008-08-20T18:43:21","guid":{"rendered":"https:\/\/obscom.intervozes.org.br\/wordpress\/?p=21675"},"modified":"2008-08-20T18:43:21","modified_gmt":"2008-08-20T18:43:21","slug":"comissao-do-senado-aprova-indicacao-de-emilia-ribeiro","status":"publish","type":"post","link":"https:\/\/obscom.intervozes.org.br\/?p=21675","title":{"rendered":"Comiss\u00e3o do Senado aprova indica\u00e7\u00e3o de Em\u00edlia Ribeiro"},"content":{"rendered":"<p>Com uma margem folgada de 13 votos a favor e cinco contra, a <a href=\"http:\/\/www.senado.gov.br\/sf\/atividade\/Comissoes\/consComPerm.asp?com=59\" target=\"_blank\">Comiss&atilde;o de Servi&ccedil;os de Infra-Estrutura (CI)<\/a> aprovou nesta quarta-feira (20\/8) a indica&ccedil;&atilde;o de Em&iacute;lia Maria Silva Ribeiro para o cargo de membro do Conselho Diretor da Ag&ecirc;ncia Nacional de Telecomunica&ccedil;&otilde;es (Anatel). Na reuni&atilde;o da semana passada, o relator da indica&ccedil;&atilde;o, senador S&eacute;rgio Guerra (PSDB-PE), apresentou um voto inconclusivo e o presidente da comiss&atilde;o, senador Marconi Perillo (PSDB-GO), concedeu vista coletiva da mat&eacute;ria. <\/p>\n<p>Conforme havia anunciado, o senador Dem&oacute;stenes Torres (DEM-GO) apresentou um relat&oacute;rio em separado, assim como o senador Wellington Salgado (PMDB-MG). Dem&oacute;stenes insistiu na tese apresentada por S&eacute;rgio Guerra de que a indica&ccedil;&atilde;o de Em&iacute;lia Ribeiro faria parte de uma estrat&eacute;gia do governo para conseguir aprovar altera&ccedil;&otilde;es no Plano Geral de Outorgas (PGO) da Anatel que permitam a fus&atilde;o j&aacute; negociada entre as operadoras Brasil Telecom e Oi. <\/p>\n<p>Em seu relat&oacute;rio em separado, Dem&oacute;stenes pediu que a comiss&atilde;o aguardasse 60 dias para decidir sobre a indica&ccedil;&atilde;o, mesmo prazo anunciado pela Pol&iacute;cia Federal para concluir o inqu&eacute;rito policial que investiga a atua&ccedil;&atilde;o do banqueiro Daniel Dantas na negocia&ccedil;&atilde;o entre a Brasil Telecom e a Oi. <\/p>\n<p>Wellington Salgado, por sua vez, assinalou em seu relat&oacute;rio em separado que a indica&ccedil;&atilde;o atendeu a todas as exig&ecirc;ncias constitucionais, legais e regimentais, e que n&atilde;o h&aacute; qualquer empecilho profissional ou em rela&ccedil;&atilde;o &agrave; reputa&ccedil;&atilde;o da indicada que impe&ccedil;am a aprova&ccedil;&atilde;o de seu nome. O senador lembrou ainda que n&atilde;o &eacute; exigido dos indicados ao Conselho Diretor da Anatel qualquer especializa&ccedil;&atilde;o no campo da ag&ecirc;ncia reguladora e que Em&iacute;lia Ribeiro comp&otilde;e o Conselho Consultivo da Anatel desde 2005, onde chegou a ocupar a vice-presid&ecirc;ncia. <\/p>\n<p>Arg&uuml;ida pelos senadores Jos&eacute; Agripino Maia (DEM-RN) e Marconi Perillo sobre as d&uacute;vidas em rela&ccedil;&atilde;o &agrave; sua qualifica&ccedil;&atilde;o para o cargo, Em&iacute;lia Ribeiro listou a sua longa carreira no servi&ccedil;o p&uacute;blico, citando cargos de destaque que ocupou em v&aacute;rios governos. Ela fez uma explana&ccedil;&atilde;o sobre o papel da Anatel e o debate em torno das altera&ccedil;&otilde;es no PGO, lembrando que h&aacute; dez anos discutia-se as altera&ccedil;&otilde;es na telefonia fixa e que hoje o debate deveria estar focado no car&aacute;ter p&uacute;blico da banda larga. <\/p>\n<p>Em&iacute;lia tamb&eacute;m disse que a sua ida para a Anatel n&atilde;o ser&aacute; decisiva para a fus&atilde;o das operadoras Brasil Telecom e Oi, pois essa discuss&atilde;o n&atilde;o est&aacute; e nem &eacute; exclusiva daquela ag&ecirc;ncia reguladora. Ela observou que a Anatel sequer &eacute; a inst&acirc;ncia final dessa decis&atilde;o, que ainda precisa passar pela Procuradoria Jur&iacute;dica do &oacute;rg&atilde;o, pelo Conselho Administrativo de Defesa Econ&ocirc;mia (Cade), pelo ministro das Comunica&ccedil;&otilde;es e at&eacute; pelo presidente da Rep&uacute;blica <\/p>\n","protected":false},"excerpt":{"rendered":"<p>Com uma margem folgada de 13 votos a favor e cinco contra, a Comiss&atilde;o de Servi&ccedil;os de Infra-Estrutura (CI) aprovou nesta quarta-feira (20\/8) a indica&ccedil;&atilde;o de Em&iacute;lia Maria Silva Ribeiro para o cargo de membro do Conselho Diretor da Ag&ecirc;ncia Nacional de Telecomunica&ccedil;&otilde;es (Anatel). Na reuni&atilde;o da semana passada, o relator da indica&ccedil;&atilde;o, senador S&eacute;rgio &hellip; <a href=\"https:\/\/obscom.intervozes.org.br\/?p=21675\" class=\"more-link\">Continue lendo <span class=\"screen-reader-text\">Comiss\u00e3o do Senado aprova indica\u00e7\u00e3o de Em\u00edlia Ribeiro<\/span> <span class=\"meta-nav\">&rarr;<\/span><\/a><\/p>\n","protected":false},"author":1,"featured_media":0,"comment_status":"open","ping_status":"open","sticky":false,"template":"","format":"standard","meta":{"footnotes":""},"categories":[40],"tags":[152],"_links":{"self":[{"href":"https:\/\/obscom.intervozes.org.br\/index.php?rest_route=\/wp\/v2\/posts\/21675"}],"collection":[{"href":"https:\/\/obscom.intervozes.org.br\/index.php?rest_route=\/wp\/v2\/posts"}],"about":[{"href":"https:\/\/obscom.intervozes.org.br\/index.php?rest_route=\/wp\/v2\/types\/post"}],"author":[{"embeddable":true,"href":"https:\/\/obscom.intervozes.org.br\/index.php?rest_route=\/wp\/v2\/users\/1"}],"replies":[{"embeddable":true,"href":"https:\/\/obscom.intervozes.org.br\/index.php?rest_route=%2Fwp%2Fv2%2Fcomments&post=21675"}],"version-history":[{"count":0,"href":"https:\/\/obscom.intervozes.org.br\/index.php?rest_route=\/wp\/v2\/posts\/21675\/revisions"}],"wp:attachment":[{"href":"https:\/\/obscom.intervozes.org.br\/index.php?rest_route=%2Fwp%2Fv2%2Fmedia&parent=21675"}],"wp:term":[{"taxonomy":"category","embeddable":true,"href":"https:\/\/obscom.intervozes.org.br\/index.php?rest_route=%2Fwp%2Fv2%2Fcategories&post=21675"},{"taxonomy":"post_tag","embeddable":true,"href":"https:\/\/obscom.intervozes.org.br\/index.php?rest_route=%2Fwp%2Fv2%2Ftags&post=21675"}],"curies":[{"name":"wp","href":"https:\/\/api.w.org\/{rel}","templated":true}]}}