{"id":21673,"date":"2008-08-20T17:29:02","date_gmt":"2008-08-20T17:29:02","guid":{"rendered":"https:\/\/obscom.intervozes.org.br\/wordpress\/?p=21673"},"modified":"2008-08-20T17:29:02","modified_gmt":"2008-08-20T17:29:02","slug":"proposta-de-alteracao-em-leis-de-incentivo-avanca","status":"publish","type":"post","link":"https:\/\/obscom.intervozes.org.br\/?p=21673","title":{"rendered":"Proposta de altera\u00e7\u00e3o em leis de incentivo avan\u00e7a"},"content":{"rendered":"<p>   \t \t \t \t \t<!-- \t\t@page { margin: 2cm } \t\tP { margin-bottom: 0.21cm } \t--> \t     <\/p>\n<p style=\"margin-bottom: 0cm\" class=\"western\">O ministro interino da Cultura, Juca Ferreira, disse nesta ter&ccedil;a-feira, 19, que a proposta de altera&ccedil;&atilde;o nas leis de incentivo e financiamento &agrave; cultura, como a Lei Rouanet, est&aacute; em fase de conclus&atilde;o. Segundo Ferreira, o Minist&eacute;rio da Cultura (Minc) est&aacute; encerrando a etapa de discuss&otilde;es com a &aacute;rea econ&ocirc;mica do governo. Em seguida, ser&atilde;o iniciadas conversas com a Casa Civil e com a classe art&iacute;stica para s&oacute; ent&atilde;o fechar a proposta e envi&aacute;-la ao Congresso.<\/p>\n<p>Al&eacute;m disso, Ferreira destacou que aguarda a sua confirma&ccedil;&atilde;o como ministro para fazer a proposta de mudan&ccedil;a nas leis oficialmente.&quot;Vamos promover uma s&eacute;rie de semin&aacute;rios juntamente com os artistas para que eles conhe&ccedil;am a proposta e para que a gente possa debater e, se surgir alguma sugest&atilde;o e julgarmos pertinente, n&oacute;s modificaremos o texto&quot;, disse.<\/p>\n<p>Segundo o ministro, surpreendentemente, o texto do Minc est&aacute; sendo bem recebido pelos minist&eacute;rios da Fazenda e do Planejamento. Ferreira acredita que, a partir desse consenso, o avan&ccedil;o da proposta dentro do governo tende a ser r&aacute;pida.<\/p>\n<p>A proposta incorpora novos conceitos &agrave; pol&iacute;tica atual que est&aacute; baseada em ren&uacute;ncia fiscal. Ferreira ressalta que o texto prev&ecirc; a cria&ccedil;&atilde;o do Vale Cultura&nbsp;&#8211; semelhante ao vale alimenta&ccedil;&atilde;o -, da Loteria da Cultura e de linhas de financiamento a juros baixos para o setor. O ministro defende ainda um incremento no or&ccedil;amento do Minist&eacute;rio da Cultura. <\/p>\n<p>Entre as mudan&ccedil;as na Lei Rouanet para que ela integre os novos mecanismos de incentivo e financiamento da cultura no Pa&iacute;s est&aacute; a revis&atilde;o dos &iacute;ndices de ren&uacute;ncia, que atualmente s&atilde;o fixados de acordo com a &aacute;rea cultural. No novo formato, os &iacute;ndices passariam a ser definidos a partir da avalia&ccedil;&atilde;o dos projetos. <\/p>\n<p>O ministro da Justi&ccedil;a, Tarso Genro, tamb&eacute;m participou do encontro e falou sobre a import&acirc;ncia da integra&ccedil;&atilde;o das pol&iacute;ticas de combate ao crime e de cultura.<\/p>\n","protected":false},"excerpt":{"rendered":"<p>O ministro interino da Cultura, Juca Ferreira, disse nesta ter&ccedil;a-feira, 19, que a proposta de altera&ccedil;&atilde;o nas leis de incentivo e financiamento &agrave; cultura, como a Lei Rouanet, est&aacute; em fase de conclus&atilde;o. Segundo Ferreira, o Minist&eacute;rio da Cultura (Minc) est&aacute; encerrando a etapa de discuss&otilde;es com a &aacute;rea econ&ocirc;mica do governo. Em seguida, ser&atilde;o &hellip; <a href=\"https:\/\/obscom.intervozes.org.br\/?p=21673\" class=\"more-link\">Continue lendo <span class=\"screen-reader-text\">Proposta de altera\u00e7\u00e3o em leis de incentivo avan\u00e7a<\/span> <span class=\"meta-nav\">&rarr;<\/span><\/a><\/p>\n","protected":false},"author":1,"featured_media":0,"comment_status":"open","ping_status":"open","sticky":false,"template":"","format":"standard","meta":{"footnotes":""},"categories":[40],"tags":[837],"_links":{"self":[{"href":"https:\/\/obscom.intervozes.org.br\/index.php?rest_route=\/wp\/v2\/posts\/21673"}],"collection":[{"href":"https:\/\/obscom.intervozes.org.br\/index.php?rest_route=\/wp\/v2\/posts"}],"about":[{"href":"https:\/\/obscom.intervozes.org.br\/index.php?rest_route=\/wp\/v2\/types\/post"}],"author":[{"embeddable":true,"href":"https:\/\/obscom.intervozes.org.br\/index.php?rest_route=\/wp\/v2\/users\/1"}],"replies":[{"embeddable":true,"href":"https:\/\/obscom.intervozes.org.br\/index.php?rest_route=%2Fwp%2Fv2%2Fcomments&post=21673"}],"version-history":[{"count":0,"href":"https:\/\/obscom.intervozes.org.br\/index.php?rest_route=\/wp\/v2\/posts\/21673\/revisions"}],"wp:attachment":[{"href":"https:\/\/obscom.intervozes.org.br\/index.php?rest_route=%2Fwp%2Fv2%2Fmedia&parent=21673"}],"wp:term":[{"taxonomy":"category","embeddable":true,"href":"https:\/\/obscom.intervozes.org.br\/index.php?rest_route=%2Fwp%2Fv2%2Fcategories&post=21673"},{"taxonomy":"post_tag","embeddable":true,"href":"https:\/\/obscom.intervozes.org.br\/index.php?rest_route=%2Fwp%2Fv2%2Ftags&post=21673"}],"curies":[{"name":"wp","href":"https:\/\/api.w.org\/{rel}","templated":true}]}}