{"id":21667,"date":"2008-08-19T18:33:27","date_gmt":"2008-08-19T18:33:27","guid":{"rendered":"https:\/\/obscom.intervozes.org.br\/wordpress\/?p=21667"},"modified":"2008-08-19T18:33:27","modified_gmt":"2008-08-19T18:33:27","slug":"em-congresso-anj-muda-direcao-e-defende-lei-de-imprensa-minima","status":"publish","type":"post","link":"https:\/\/obscom.intervozes.org.br\/?p=21667","title":{"rendered":"Em congresso, ANJ muda dire\u00e7\u00e3o e defende Lei de Imprensa m\u00ednima"},"content":{"rendered":"<p>   \t \t \t \t \t<!-- \t\t@page { margin: 2cm } \t\tP { margin-bottom: 0.21cm } \t--> \t  <\/p>\n<p style=\"margin-bottom: 0cm\" class=\"western\">A abertura do 7o Congresso Brasileiro de Jornais, evento realizado pela Associa&ccedil;&atilde;o Nacional de Jornais (ANJ), foi uma amostra da disposi&ccedil;&atilde;o da entidade de trocar a atual Lei de Imprensa por uma regula&ccedil;&atilde;o m&iacute;nima que garanta, apenas, limites &agrave;s indeniza&ccedil;&otilde;es. Desde que o Supremo Tribunal Federal revogou parte da atual Lei de Imprensa, vem aumentando a grita dos propriet&aacute;rios de ve&iacute;culos de comunica&ccedil;&atilde;o pela desregulamenta&ccedil;&atilde;o.<\/p>\n<p>A estrat&eacute;gia da inexist&ecirc;ncia de regras espec&iacute;ficas para a atividade de imprensa, no entanto, parece ter sido abandonada. O termo n&atilde;o apareceu no discurso do ex-presidente da ANJ e diretor-presidente da RBS, Nelson Sirotsky, que na abertura do congresso passou o cargo para Judith Brito, superintendente do Grupo Folha. Ao contr&aacute;rio, tanto ele como a nova presidente defenderam uma nova regula&ccedil;&atilde;o, mas com o detalhe de que seja m&iacute;nima. <\/p>\n<p>&ldquo;Consideramos que essa lei do regime militar ser&aacute; totalmente extinta ainda neste ano. Em seu lugar, queremos uma regula&ccedil;&atilde;o para o s&eacute;culo XXI&rdquo;, disse Sirotsky. &ldquo;Entendemos que, para se assegurar a liberdade de express&atilde;o prevista na Constitui&ccedil;&atilde;o, s&atilde;o necess&aacute;rias regras legais m&iacute;nimas&rdquo;, afirmou a nova presidente.<\/p>\n<p><em>Com informa&ccedil;&otilde;es de O Globo e Folha de S. Paulo<\/em><\/p>\n","protected":false},"excerpt":{"rendered":"<p>A abertura do 7o Congresso Brasileiro de Jornais, evento realizado pela Associa&ccedil;&atilde;o Nacional de Jornais (ANJ), foi uma amostra da disposi&ccedil;&atilde;o da entidade de trocar a atual Lei de Imprensa por uma regula&ccedil;&atilde;o m&iacute;nima que garanta, apenas, limites &agrave;s indeniza&ccedil;&otilde;es. Desde que o Supremo Tribunal Federal revogou parte da atual Lei de Imprensa, vem aumentando &hellip; <a href=\"https:\/\/obscom.intervozes.org.br\/?p=21667\" class=\"more-link\">Continue lendo <span class=\"screen-reader-text\">Em congresso, ANJ muda dire\u00e7\u00e3o e defende Lei de Imprensa m\u00ednima<\/span> <span class=\"meta-nav\">&rarr;<\/span><\/a><\/p>\n","protected":false},"author":1,"featured_media":0,"comment_status":"open","ping_status":"open","sticky":false,"template":"","format":"standard","meta":{"footnotes":""},"categories":[39],"tags":[],"_links":{"self":[{"href":"https:\/\/obscom.intervozes.org.br\/index.php?rest_route=\/wp\/v2\/posts\/21667"}],"collection":[{"href":"https:\/\/obscom.intervozes.org.br\/index.php?rest_route=\/wp\/v2\/posts"}],"about":[{"href":"https:\/\/obscom.intervozes.org.br\/index.php?rest_route=\/wp\/v2\/types\/post"}],"author":[{"embeddable":true,"href":"https:\/\/obscom.intervozes.org.br\/index.php?rest_route=\/wp\/v2\/users\/1"}],"replies":[{"embeddable":true,"href":"https:\/\/obscom.intervozes.org.br\/index.php?rest_route=%2Fwp%2Fv2%2Fcomments&post=21667"}],"version-history":[{"count":0,"href":"https:\/\/obscom.intervozes.org.br\/index.php?rest_route=\/wp\/v2\/posts\/21667\/revisions"}],"wp:attachment":[{"href":"https:\/\/obscom.intervozes.org.br\/index.php?rest_route=%2Fwp%2Fv2%2Fmedia&parent=21667"}],"wp:term":[{"taxonomy":"category","embeddable":true,"href":"https:\/\/obscom.intervozes.org.br\/index.php?rest_route=%2Fwp%2Fv2%2Fcategories&post=21667"},{"taxonomy":"post_tag","embeddable":true,"href":"https:\/\/obscom.intervozes.org.br\/index.php?rest_route=%2Fwp%2Fv2%2Ftags&post=21667"}],"curies":[{"name":"wp","href":"https:\/\/api.w.org\/{rel}","templated":true}]}}