{"id":21655,"date":"2008-08-15T17:33:42","date_gmt":"2008-08-15T17:33:42","guid":{"rendered":"https:\/\/obscom.intervozes.org.br\/wordpress\/?p=21655"},"modified":"2008-08-15T17:33:42","modified_gmt":"2008-08-15T17:33:42","slug":"associacoes-articulam-2o-forum-para-rever-legislacao","status":"publish","type":"post","link":"https:\/\/obscom.intervozes.org.br\/?p=21655","title":{"rendered":"Associa\u00e7\u00f5es articulam 2o F\u00f3rum para rever legisla\u00e7\u00e3o"},"content":{"rendered":"<p>   \t \t \t \t \t<!-- \t\t@page { margin: 2cm } \t\tP { margin-bottom: 0.21cm } \t--> \t        <\/p>\n<p style=\"margin-bottom: 0cm\" class=\"western\">Entre 8 e 11 de maio de 2007, reuniram-se em Bras&iacute;lia as associa&ccedil;&otilde;es representativas das emissoras comunit&aacute;rias (ABCCom), universit&aacute;rias (ABTU), Legislativas (Astral) e educativas (Abepec) para o 1o F&oacute;rum Nacional de TVs P&uacute;blicas. Promovido pelo Minist&eacute;rio da Cultura e pela extinta Radiobr&aacute;s, o evento foi o &aacute;pice de um processo de debate coletivo que teve como objetivo construir uma agenda unificada do que veio a ser denominado &ldquo;campo p&uacute;blico de televis&atilde;o&rdquo;. Este conjunto de propostas foi sintetizado na Carta de Bras&iacute;lia, que afirmou princ&iacute;pios para as televis&otilde;es p&uacute;blicas, apoiou o projeto de cria&ccedil;&atilde;o de uma nova estrutura p&uacute;blica de comunica&ccedil;&atilde;o (que veio a se tornar a Empresa Brasil de Comunica&ccedil;&atilde;o) e apontou a necessidade das pol&iacute;ticas p&uacute;blicas para fortalecer o conjunto do campo na transi&ccedil;&atilde;o para a TV digital. <\/p>\n<p>Passado pouco mais de um ano, o conjunto de associa&ccedil;&otilde;es passam de parceiras a protagonistas da iniciativa de uma segunda edi&ccedil;&atilde;o do F&oacute;rum de TVs P&uacute;blicas. &ldquo;N&atilde;o ser&aacute; um f&oacute;rum do governo&rdquo;, explica Antonio Achilis, presidente da Asocia&ccedil;&atilde;o das Emissoras P&uacute;blicas, Educativas e Culturais (Abepec). &ldquo;O primeiro foi convocado, sustentado, motivado pelo Executivo e foi muito bom. O governo deve participar deste porque h&aacute; quest&otilde;es cujas respostas devem vir dele, mas a titularidade da pauta ser&aacute; das entidades representantes.&rdquo;<\/p>\n<p>A iniciativa tem como objetivo colocar na agenda a import&acirc;ncia de atualizar o marco legal do setor. Ainda hoje, as emissoras educativas s&atilde;o reguladas pelo Decreto-Lei 236 de 1967, que limita a programa&ccedil;&atilde;o a palestras, aulas, debates e confer&ecirc;ncias. A Lei 11.652, de 2008, que autorizou a Uni&atilde;o a criar a EBC, trata apenas dos &ldquo;servi&ccedil;os de radiodifus&atilde;o p&uacute;blica explorados pelo Poder Executivo ou outorgados a entidades de sua administra&ccedil;&atilde;o indireta&rdquo;, mas n&atilde;o rev&ecirc; o marco normativo das educativas. &ldquo;O aparato legal para o segmento de TV p&uacute;blica n&atilde;o existe. O que existe &eacute; um Decreto-Lei que pro&iacute;be tudo&rdquo;, reclama Achilis. <\/p>\n<p><strong>Compromissos assumidos<\/strong><\/p>\n<p>As associa&ccedil;&otilde;es querem tamb&eacute;m fazer uma avalia&ccedil;&atilde;o sobre a implanta&ccedil;&atilde;o das propostas da Carta de Bras&iacute;lia. O balan&ccedil;o feito por v&aacute;rios integrantes &eacute; que o governo conseguiu-se criar a EBC, mas n&atilde;o encaminhou uma s&eacute;rie de outras recomenda&ccedil;&otilde;es existentes no documento. &ldquo;O governo criou a EBC e nunca mais chamou o campo para nada. Ficamos navegando &agrave; deriva&rdquo;, avalia Paulo Miranda, da Associa&ccedil;&atilde;o Brasileira de Canais Comunit&aacute;rios (ABCCom). &ldquo;E a gente quer que governo cumpra o resultado do F&oacute;rum, fazendo uma parceria concreta com estes outros setores, principalmente as TVs universit&aacute;rias e comunit&aacute;rias que n&atilde;o tem recursos como as outras.&rdquo;<\/p>\n<p>A insatisfa&ccedil;&atilde;o das emissoras comunit&aacute;rias e universit&aacute;rias &eacute; resultado do abandono neste dif&iacute;cil momento de transi&ccedil;&atilde;o ao digital. Uma das apostas foi de que as primeiras pudessem ocupar o canal da cidadania e as segundas parte do canal da educa&ccedil;&atilde;o previstos no decreto que criou o modelo do Sistema Brasileiro de TV Digital Terrestre. Por&eacute;m, estas s&atilde;o possibilidades ainda distantes, o que torna ainda mais importante a retomada da press&atilde;o pelo cumprimento da Carta de Bras&iacute;lia.<\/p>\n<p><strong>Rede nacional<\/strong><\/p>\n<p>J&aacute; as emissoras educativas n&atilde;o querem resumir seu papel a participantes da rede que est&aacute; sendo negociada com a TV Brasil. &ldquo;N&atilde;o h&aacute; nenhuma rela&ccedil;&atilde;o de subordina&ccedil;&atilde;o como pr&eacute;-condi&ccedil;&atilde;o &agrave; TV Brasil. Tendo recursos, bons produtos e boa articula&ccedil;&atilde;o, a TV Brasil toma iniciativa de construir suas redes, mas n&atilde;o &eacute; coisa que vem de cima para baixo&rdquo;, diz o presidente da Abepec. Para Achilis, a emissora federal tem soberania para propor a forma&ccedil;&atilde;o de uma rede, mas as educativas estaduais &ldquo;tem a mesma soberania&rdquo; para decidir pela ades&atilde;o ou n&atilde;o.<\/p>\n<p>Apesar da grita por autonomia, as TVs educativas estaduais devem optar por buscar fortalecer sua atua&ccedil;&atilde;o local, ao inv&eacute;s de construir uma alternativa &agrave; rede encabe&ccedil;ada pela TV Brasil. Embora o novo modelo esteja no in&iacute;cio de sua constru&ccedil;&atilde;o, j&aacute; existe dentro da Abepec a disposi&ccedil;&atilde;o de buscar expandir &agrave;s educativas estaduais a l&oacute;gica &ldquo;mais p&uacute;blica&rdquo; da EBC. No entanto, isso passa por enfrentar resist&ecirc;ncias de governos estaduais que hoje ainda se utilizam deste tipo de ve&iacute;culo para a pr&aacute;tica de uma comunica&ccedil;&atilde;o marcadamente identificada com seus interesses. &ldquo;&Eacute; um processo de convencimento das emissoras&rdquo;, afirma Achilis.<\/p>\n<p><strong>Apoio s<\/strong><\/p>\n<p>Se o car&aacute;ter for este, o apoio da EBC ao 2o F&oacute;rum de TVs P&uacute;blicas estar&aacute; garantido. A presidente da EBC, Tereza Cruvinel, deixa claro por&eacute;m que n&atilde;o pretende jogar for&ccedil;as em um processo que se torne um inc&ocirc;modo para a empresa. &ldquo;Se for um f&oacute;rum revisionista, para levantar discuss&otilde;es sobre a figura jur&iacute;dica ou sobre a qual &oacute;rg&atilde;o a EBC deve estar vinculada, a&iacute; sou contra&rdquo;, revela.<\/p>\n<p>Por sua vez, o Minist&eacute;rio da Cultura j&aacute; manifestou apoio integral &agrave; iniciativa. &ldquo;&Eacute; um sinal de maturidade que as associa&ccedil;&otilde;es agora puxem uma segunda edi&ccedil;&atilde;o do F&oacute;rum&rdquo;, avalia o diretor de audiovisual do &oacute;rg&atilde;o, Paulo Alcoforado.<\/p>\n<p>A luta agora das entidades &eacute; pela viabiliza&ccedil;&atilde;o da empreitada. O MinC j&aacute; acenou com parte dos recursos. Mas o 2o F&oacute;rum s&oacute; dever&aacute; acontecer se forem obtidos apoios suficientes para garantir a realiza&ccedil;&atilde;o do evento. Por isso, sua data ainda &eacute; incerta.<\/p>\n","protected":false},"excerpt":{"rendered":"<p>Al\u00e9m do marco legal, a digitaliza\u00e7\u00e3o e a forma\u00e7\u00e3o de uma rede p\u00fablica est\u00e3o entre os temas que devem ser tratados neste segundo grande encontro do campo p\u00fablico, ainda sem data prevista para ocorrer<\/p>\n","protected":false},"author":1,"featured_media":0,"comment_status":"open","ping_status":"open","sticky":false,"template":"","format":"standard","meta":{"footnotes":""},"categories":[40],"tags":[110],"_links":{"self":[{"href":"https:\/\/obscom.intervozes.org.br\/index.php?rest_route=\/wp\/v2\/posts\/21655"}],"collection":[{"href":"https:\/\/obscom.intervozes.org.br\/index.php?rest_route=\/wp\/v2\/posts"}],"about":[{"href":"https:\/\/obscom.intervozes.org.br\/index.php?rest_route=\/wp\/v2\/types\/post"}],"author":[{"embeddable":true,"href":"https:\/\/obscom.intervozes.org.br\/index.php?rest_route=\/wp\/v2\/users\/1"}],"replies":[{"embeddable":true,"href":"https:\/\/obscom.intervozes.org.br\/index.php?rest_route=%2Fwp%2Fv2%2Fcomments&post=21655"}],"version-history":[{"count":0,"href":"https:\/\/obscom.intervozes.org.br\/index.php?rest_route=\/wp\/v2\/posts\/21655\/revisions"}],"wp:attachment":[{"href":"https:\/\/obscom.intervozes.org.br\/index.php?rest_route=%2Fwp%2Fv2%2Fmedia&parent=21655"}],"wp:term":[{"taxonomy":"category","embeddable":true,"href":"https:\/\/obscom.intervozes.org.br\/index.php?rest_route=%2Fwp%2Fv2%2Fcategories&post=21655"},{"taxonomy":"post_tag","embeddable":true,"href":"https:\/\/obscom.intervozes.org.br\/index.php?rest_route=%2Fwp%2Fv2%2Ftags&post=21655"}],"curies":[{"name":"wp","href":"https:\/\/api.w.org\/{rel}","templated":true}]}}