{"id":21652,"date":"2008-08-14T18:55:48","date_gmt":"2008-08-14T18:55:48","guid":{"rendered":"https:\/\/obscom.intervozes.org.br\/wordpress\/?p=21652"},"modified":"2008-08-14T18:55:48","modified_gmt":"2008-08-14T18:55:48","slug":"nupefrits-lanca-revista-sobre-politicas-de-tecnologia-da-informacao","status":"publish","type":"post","link":"https:\/\/obscom.intervozes.org.br\/?p=21652","title":{"rendered":"Nupef\/Rits lan\u00e7a revista sobre pol\u00edticas de tecnologia da informa\u00e7\u00e3o"},"content":{"rendered":"<p>   \t \t \t \t \t<!-- \t\t@page { margin: 2cm } \t\tP { margin-bottom: 0.21cm } \t--> \t  <\/p>\n<p style=\"margin-bottom: 0cm\" class=\"western\">O N&uacute;cleo de Pesquisa, Estudos e Forma&ccedil;&atilde;o (Nupef) da Rede de Informa&ccedil;&otilde;es para o Terceiro Setor (Rits) lan&ccedil;ou esta semana o primeiro n&uacute;mero da revista poliTICs. A publica&ccedil;&atilde;o tem foco nas pol&iacute;ticas de tecnologias da informa&ccedil;&atilde;o e comunica&ccedil;&atilde;o, as chamadas TICs. <\/p>\n<p>A revista re&uacute;ne artigos de representantes da sociedade civil, da Academia, de governos e formuladores de pol&iacute;ticas p&uacute;blicas. No primeiro n&uacute;mero, o tema central s&atilde;o os custos da interconex&atilde;o e suas implica&ccedil;&otilde;es sobre o acesso &agrave; rede mundial de computadores e o direito &agrave; comunica&ccedil;&atilde;o.<\/p>\n<p>Segundo o editorial desta primeira edi&ccedil;&atilde;o, a &ldquo;proposta da revista &eacute; trazer an&aacute;lises, opini&otilde;es e fomentar o debate sobre as quest&otilde;es ligadas &agrave;s pol&iacute;ticas de comunica&ccedil;&atilde;o e TICs e sobre os cen&aacute;rios e arranjos econ&ocirc;micos, sociais e culturais que se apresentam, se transformam e se atualizam num ritmo cada vez mais intenso, no mundo conectado em redes&rdquo;.<\/p>\n<p>A poliTICs tem periodicidade quadrimestral e ser&aacute; distribu&iacute;da nas vers&otilde;es impressa e online &ndash; <a href=\"http:\/\/www.politics.org.br\">www.politics.org.br<\/a> <\/p>\n","protected":false},"excerpt":{"rendered":"<p>O N&uacute;cleo de Pesquisa, Estudos e Forma&ccedil;&atilde;o (Nupef) da Rede de Informa&ccedil;&otilde;es para o Terceiro Setor (Rits) lan&ccedil;ou esta semana o primeiro n&uacute;mero da revista poliTICs. A publica&ccedil;&atilde;o tem foco nas pol&iacute;ticas de tecnologias da informa&ccedil;&atilde;o e comunica&ccedil;&atilde;o, as chamadas TICs. A revista re&uacute;ne artigos de representantes da sociedade civil, da Academia, de governos e &hellip; <a href=\"https:\/\/obscom.intervozes.org.br\/?p=21652\" class=\"more-link\">Continue lendo <span class=\"screen-reader-text\">Nupef\/Rits lan\u00e7a revista sobre pol\u00edticas de tecnologia da informa\u00e7\u00e3o<\/span> <span class=\"meta-nav\">&rarr;<\/span><\/a><\/p>\n","protected":false},"author":1,"featured_media":0,"comment_status":"open","ping_status":"open","sticky":false,"template":"","format":"standard","meta":{"footnotes":""},"categories":[39],"tags":[],"_links":{"self":[{"href":"https:\/\/obscom.intervozes.org.br\/index.php?rest_route=\/wp\/v2\/posts\/21652"}],"collection":[{"href":"https:\/\/obscom.intervozes.org.br\/index.php?rest_route=\/wp\/v2\/posts"}],"about":[{"href":"https:\/\/obscom.intervozes.org.br\/index.php?rest_route=\/wp\/v2\/types\/post"}],"author":[{"embeddable":true,"href":"https:\/\/obscom.intervozes.org.br\/index.php?rest_route=\/wp\/v2\/users\/1"}],"replies":[{"embeddable":true,"href":"https:\/\/obscom.intervozes.org.br\/index.php?rest_route=%2Fwp%2Fv2%2Fcomments&post=21652"}],"version-history":[{"count":0,"href":"https:\/\/obscom.intervozes.org.br\/index.php?rest_route=\/wp\/v2\/posts\/21652\/revisions"}],"wp:attachment":[{"href":"https:\/\/obscom.intervozes.org.br\/index.php?rest_route=%2Fwp%2Fv2%2Fmedia&parent=21652"}],"wp:term":[{"taxonomy":"category","embeddable":true,"href":"https:\/\/obscom.intervozes.org.br\/index.php?rest_route=%2Fwp%2Fv2%2Fcategories&post=21652"},{"taxonomy":"post_tag","embeddable":true,"href":"https:\/\/obscom.intervozes.org.br\/index.php?rest_route=%2Fwp%2Fv2%2Ftags&post=21652"}],"curies":[{"name":"wp","href":"https:\/\/api.w.org\/{rel}","templated":true}]}}