{"id":21647,"date":"2008-08-14T14:15:19","date_gmt":"2008-08-14T14:15:19","guid":{"rendered":"https:\/\/obscom.intervozes.org.br\/wordpress\/?p=21647"},"modified":"2008-08-14T14:15:19","modified_gmt":"2008-08-14T14:15:19","slug":"conferencia-de-comunicacao-da-bahia-chega-a-etapa-final","status":"publish","type":"post","link":"https:\/\/obscom.intervozes.org.br\/?p=21647","title":{"rendered":"Confer\u00eancia de Comunica\u00e7\u00e3o da Bahia chega a etapa final"},"content":{"rendered":"\n<p style=\"margin-bottom: 0cm\" class=\"western\">A primeira Confer&ecirc;ncia Estadual de Comunica&ccedil;&atilde;o do pa&iacute;s ter&aacute; em Salvador, de hoje (14\/8) a s&aacute;bado (16\/8), a sua etapa derradeira. Dando continuidade ao processo iniciado em 4 de junho com o lan&ccedil;amento do processo na capital baiana, espera-se agora que o ac&uacute;mulo de id&eacute;ias e discuss&otilde;es constru&iacute;das em 8 plen&aacute;rias locais concretize-se em a&ccedil;&otilde;es por parte das inst&acirc;ncias governamentais no estado. Para al&eacute;m das fronteiras baianas, tamb&eacute;m se espera que a experi&ecirc;ncia estadual impulsione de vez a Confer&ecirc;ncia Nacional de Comunica&ccedil;&atilde;o.<\/p>\n<p>Em um estado marcado pela rela&ccedil;&atilde;o ostensiva entre o poder pol&iacute;tico local e a concentra&ccedil;&atilde;o da propriedade das m&iacute;dias, em especial o esp&oacute;lio de Ant&ocirc;nio Carlos Magalh&atilde;es, as expectativas n&atilde;o s&atilde;o poucas. Antes do in&iacute;cio da etapa final, mais de 2 mil pessoas envolveram-se no processo, participando dos debates locais.<\/p>\n<p>A confer&ecirc;ncia vem sendo conduzida por um grupo de trabalho montado h&aacute; alguns meses por iniciativa do governo baiano. Integram o GT organiza&ccedil;&otilde;es como os sindicatos dos jornalistas e dos radialistas, a Associa&ccedil;&atilde;o Bahiana de Imprensa, a Central &Uacute;nica dos Trabalhadores (CUT), a Associa&ccedil;&atilde;o Brasileira de R&aacute;dios Comunit&aacute;rias (Abra&ccedil;o-BA), a Cip&oacute;, o Intervozes &#8211; Coletivo Brasil de Comunica&ccedil;&atilde;o Social e a Universidade Federal da Bahia (UFBA), entre outras.<\/p>\n<p>&ldquo;Essa &eacute; a primeira vez que um governo se prop&otilde;e a discutir com a sociedade a democratiza&ccedil;&atilde;o da comunica&ccedil;&atilde;o&rdquo;, afirma Rosely Arantes, da <span>Assessoria Geral de Comunica&ccedil;&atilde;o Social do Governo da Bahia (Agecom) <\/span><strong><span>e <\/span><\/strong>coordenadora da confer&ecirc;ncia. &ldquo;A nossa leitura &eacute; de que a comunica&ccedil;&atilde;o &eacute; um direito que, mesmo garantido pela lei, n&atilde;o &eacute; respeitado.&rdquo;<\/p>\n<p><strong>Diagn&oacute;stico<\/p>\n<p><\/strong>A etapas locais abrangeram as 24 regi&otilde;es do estado, de maneira a demonstrar, segundo Rosely, &ldquo;certos paradoxos&rdquo; criados pelas diferen&ccedil;as regionais. Enquanto muitos debates foram bastante &ldquo;embrion&aacute;rios&rdquo;, outros contaram com sujeitos altamente politizados. &ldquo;O nosso diagn&oacute;stico &eacute; que houve propostas bastante avan&ccedil;adas e, ao mesmo tempo, muitas quest&otilde;es prim&aacute;rias.&rdquo;<\/p>\n<p>A participa&ccedil;&atilde;o tamb&eacute;m foi bastante desigual, se comparada a alta concentra&ccedil;&atilde;o da m&iacute;dia na Bahia. Para Gislene Moreira, coordenadora da Cip&oacute; Comunica&ccedil;&atilde;o Interativa, o tema principal &ndash; o direito &agrave; comunica&ccedil;&atilde;o &ndash; &ldquo;causou um estranhamento, principalmente entre os empres&aacute;rios, que compareceram pouco&rdquo;. O resultado foi a significativa aus&ecirc;ncia dos meios de comunica&ccedil;&atilde;o baianos nas etapas locais.<\/p>\n<p>Al&eacute;m da aus&ecirc;ncia do empresariado, algumas entidades apontaram uma presen&ccedil;a excessiva de membros do governo estadual nas plen&aacute;rias e tamb&eacute;m a baixa ades&atilde;o dos profissionais de comunica&ccedil;&atilde;o. Por outro lado, estudantes, r&aacute;dios comunit&aacute;rias, organiza&ccedil;&otilde;es do movimento negro, movimentos sociais, ind&iacute;genas, professores universit&aacute;rios e ONGs tiveram participa&ccedil;&atilde;o importante nos eventos.<\/p>\n<p><span style=\"font-style: normal\"><span>Rosely conta que os eixos mais procurados nas plen&aacute;rias foram justamente os de pol&iacute;ticas p&uacute;blicas e de desenvolvimento territorial, o que afirma a necessidade de espalhar a discuss&atilde;o sobre direito &agrave; comunica&ccedil;&atilde;o para as &aacute;reas onde faltam op&ccedil;&otilde;es de ve&iacute;culos regionais e locais. Outra conclus&atilde;o importante dos debates foi a de que a valoriza&ccedil;&atilde;o da &ldquo;forma&ccedil;&atilde;o n&atilde;o-acad&ecirc;mica&rdquo; nas experi&ecirc;ncias de comunica&ccedil;&atilde;o tem sido importante no sentido de aproveitar o conhecimento popular e compreender a diversidade regional. A forma&ccedil;&atilde;o do Conselho Estadual de Comunica&ccedil;&atilde;o Social e a instala&ccedil;&atilde;o de uma Secretaria de Comunica&ccedil;&atilde;o tamb&eacute;m foram quest&otilde;es abordadas e que merecem destaque.<\/p>\n<p><\/span><\/span>Para Sivaldo Pereira, do Intervozes &ndash; Coletivo Brasil de Comunica&ccedil;&atilde;o Social, a confer&ecirc;ncia, em geral, cumpriu seu papel. &ldquo;Houve uma articula&ccedil;&atilde;o importante entre sociedade civil e governo, e o governo acatou e chamou para a articula&ccedil;&atilde;o&rdquo;, avalia. <\/p>\n<p>Pereira tamb&eacute;m faz pondera&ccedil;&otilde;es a respeito da realiza&ccedil;&atilde;o da confer&ecirc;ncia. Para ele, existem problemas na organiza&ccedil;&atilde;o, mas que s&atilde;o compreens&iacute;veis por ser a primeira experi&ecirc;ncia. &ldquo;Ainda faltam crit&eacute;rios objetivos e claros. Em um ambiente maior, esse m&eacute;todo n&atilde;o seria adequado. Funcionou dessa vez, mas tem que rever para o futuro.&rdquo;<\/p>\n<p>&ldquo;O debate foi muito centrado na regulamenta&ccedil;&atilde;o dos meios comunit&aacute;rios. Foi um processo de constru&ccedil;&atilde;o positivo nesse sentido, pois discutimos formas de descentraliza&ccedil;&atilde;o e desburocratiza&ccedil;&atilde;o&rdquo;, afirmou Gislene que, no entanto, tamb&eacute;m demonstrou preocupa&ccedil;&atilde;o com a possibilidade de regulamenta&ccedil;&atilde;o das propostas por parte do Estado. &ldquo;O GT vai se dissolver ap&oacute;s a confer&ecirc;ncia. Ficamos na d&uacute;vida se as propostas ser&atilde;o implementadas e como se dar&aacute; a rela&ccedil;&atilde;o com o Estado.&rdquo;<\/p>\n<p><strong>Confer&ecirc;ncia Nacional<\/p>\n<p><\/strong>A preocupa&ccedil;&atilde;o se justifica, pois, mesmo que o governo estadual esteja comprometido com o processo, algumas propostas devem incidir sobre a legisla&ccedil;&atilde;o federal, como as que envolvem a radiodifus&atilde;o. &ldquo;A sociedade civil se organizou, e o governo cumpriu o papel correto, foi democr&aacute;tico, apesar de alguns excessos, como uma presen&ccedil;a demasiada nas plen&aacute;rias&rdquo;, aponta Pereira, que acredita que, para atingir a plenitude do processo, &eacute; necess&aacute;rio caminhar para a realiza&ccedil;&atilde;o da Confer&ecirc;ncia Nacional de Comunica&ccedil;&atilde;o. Para ele, a experi&ecirc;ncia na Bahia &eacute; o primeiro passo nesse sentido.<\/p>\n<p>Para Rosely, &agrave; medida em que forem acontecendo outras confer&ecirc;ncias estaduais ser&aacute; poss&iacute;vel &ldquo;for&ccedil;ar a barra&rdquo; pela realiza&ccedil;&atilde;o da Confer&ecirc;ncia Nacional. &ldquo;Entendemos que este foi um grande passo e uma grande ousadia. Estava faltando isso: sair do plano do discurso e ir para a pr&aacute;tica.&rdquo;<\/p>\n<p>A coordenadora da confer&ecirc;ncia lamenta apenas que a sociedade n&atilde;o tenha se envolvido de maneira mais efetiva, mas revela que o boicote das grandes empresas de m&iacute;dia do estado &agrave; cobertura do evento dificultou a sua divulga&ccedil;&atilde;o. &ldquo;Estamos tendo dificuldades, pois nadamos contra a corrente&rdquo;, comenta. Gislene, da Cip&oacute;, concorda, mas assume um tom confiante na viabiliza&ccedil;&atilde;o das propostas. &ldquo;Este estado tem uma tradi&ccedil;&atilde;o autorit&aacute;ria enorme. Os enfrentamentos foram muitos, mas &eacute; importante confiar e n&atilde;o perder a utopia de vista.&rdquo;<\/p>\n","protected":false},"excerpt":{"rendered":"<p>Primeira experi\u00eancia do tipo no pa\u00eds, confer\u00eancia estadual reuniu 2 mil pessoas nas etapas locais; desafio \u00e9 fazer com que propostas sejam abra\u00e7adas de fato pelos \u00f3rg\u00e3os estatais<\/p>\n","protected":false},"author":1,"featured_media":0,"comment_status":"open","ping_status":"open","sticky":false,"template":"","format":"standard","meta":{"footnotes":""},"categories":[40],"tags":[832],"_links":{"self":[{"href":"https:\/\/obscom.intervozes.org.br\/index.php?rest_route=\/wp\/v2\/posts\/21647"}],"collection":[{"href":"https:\/\/obscom.intervozes.org.br\/index.php?rest_route=\/wp\/v2\/posts"}],"about":[{"href":"https:\/\/obscom.intervozes.org.br\/index.php?rest_route=\/wp\/v2\/types\/post"}],"author":[{"embeddable":true,"href":"https:\/\/obscom.intervozes.org.br\/index.php?rest_route=\/wp\/v2\/users\/1"}],"replies":[{"embeddable":true,"href":"https:\/\/obscom.intervozes.org.br\/index.php?rest_route=%2Fwp%2Fv2%2Fcomments&post=21647"}],"version-history":[{"count":0,"href":"https:\/\/obscom.intervozes.org.br\/index.php?rest_route=\/wp\/v2\/posts\/21647\/revisions"}],"wp:attachment":[{"href":"https:\/\/obscom.intervozes.org.br\/index.php?rest_route=%2Fwp%2Fv2%2Fmedia&parent=21647"}],"wp:term":[{"taxonomy":"category","embeddable":true,"href":"https:\/\/obscom.intervozes.org.br\/index.php?rest_route=%2Fwp%2Fv2%2Fcategories&post=21647"},{"taxonomy":"post_tag","embeddable":true,"href":"https:\/\/obscom.intervozes.org.br\/index.php?rest_route=%2Fwp%2Fv2%2Ftags&post=21647"}],"curies":[{"name":"wp","href":"https:\/\/api.w.org\/{rel}","templated":true}]}}