{"id":21642,"date":"2008-08-13T16:46:11","date_gmt":"2008-08-13T16:46:11","guid":{"rendered":"https:\/\/obscom.intervozes.org.br\/wordpress\/?p=21642"},"modified":"2008-08-13T16:46:11","modified_gmt":"2008-08-13T16:46:11","slug":"cultura-vai-cobrar-por-retransmissao-de-sua-programacao","status":"publish","type":"post","link":"https:\/\/obscom.intervozes.org.br\/?p=21642","title":{"rendered":"Cultura vai cobrar por retransmiss\u00e3o de sua programa\u00e7\u00e3o"},"content":{"rendered":"<p>   \t \t \t \t \t<!-- \t\t@page { margin: 2cm } \t\tP { margin-bottom: 0.21cm } \t--> \t  <\/p>\n<p style=\"margin-bottom: 0cm; page-break-before: always\" class=\"western padrao\">A TV Cultura passar&aacute; a cobrar de emissoras p&uacute;blicas e privadas que retransmitem seus programas. Atualmente, cerca de 180 TVs do pa&iacute;s fazem isso, incluindo a TV Brasil (federal), TVs p&uacute;blicas estaduais e TVs educativas privadas.<\/p>\n<p>Essas emissoras retransmitem de gra&ccedil;a programas como o &quot;Roda Viva&quot;, o &quot;Viola Minha Viola&quot; e &quot;Castelo R&aacute;-Tim-Bum&quot;. A cobran&ccedil;a pela cess&atilde;o de programa&ccedil;&atilde;o, anunciada &agrave;s parceiras na semana passada, j&aacute; come&ccedil;a a gerar insatisfa&ccedil;&atilde;o. Confronta com o projeto da associa&ccedil;&atilde;o das TVs p&uacute;blicas de uma rede p&uacute;blica nacional.<\/p>\n<p>Das TVs p&uacute;blicas, a Cultura vai pedir participa&ccedil;&atilde;o no or&ccedil;amento anual, at&eacute; o limite de 3%. Das privadas, quer participa&ccedil;&atilde;o na publicidade veiculada nos intervalos de seus programas.<\/p>\n<p>A cobran&ccedil;a pelo conte&uacute;do faz parte do projeto Cultura Canais, lan&ccedil;ado anteontem na feira da ABTA. &quot;A TV Cultura deixa de ser uma rede p&uacute;blica e passa a ser uma programadora de conte&uacute;do&quot;, afirma C&iacute;cero Feltrin, diretor de marketing e capta&ccedil;&atilde;o da Cultura. O executivo acha a cobran&ccedil;a justa. &quot;Tem emissora p&uacute;blica com or&ccedil;amento de R$ 15 milh&otilde;es por ano que n&atilde;o produz nada, apenas reproduz a Cultura&quot;, diz.<\/p>\n<p>Feltrin ainda n&atilde;o tem estimativa de quanto a medida gerar&aacute; em receitas. A TV Cultura deve contar com R$ 200 milh&otilde;es neste ano. Menos da metade (40%) sair&aacute; dos cofres do governo do Estado.<\/p>\n","protected":false},"excerpt":{"rendered":"<p>A TV Cultura passar&aacute; a cobrar de emissoras p&uacute;blicas e privadas que retransmitem seus programas. Atualmente, cerca de 180 TVs do pa&iacute;s fazem isso, incluindo a TV Brasil (federal), TVs p&uacute;blicas estaduais e TVs educativas privadas. Essas emissoras retransmitem de gra&ccedil;a programas como o &quot;Roda Viva&quot;, o &quot;Viola Minha Viola&quot; e &quot;Castelo R&aacute;-Tim-Bum&quot;. A cobran&ccedil;a &hellip; <a href=\"https:\/\/obscom.intervozes.org.br\/?p=21642\" class=\"more-link\">Continue lendo <span class=\"screen-reader-text\">Cultura vai cobrar por retransmiss\u00e3o de sua programa\u00e7\u00e3o<\/span> <span class=\"meta-nav\">&rarr;<\/span><\/a><\/p>\n","protected":false},"author":1,"featured_media":0,"comment_status":"open","ping_status":"open","sticky":false,"template":"","format":"standard","meta":{"footnotes":""},"categories":[40],"tags":[259],"_links":{"self":[{"href":"https:\/\/obscom.intervozes.org.br\/index.php?rest_route=\/wp\/v2\/posts\/21642"}],"collection":[{"href":"https:\/\/obscom.intervozes.org.br\/index.php?rest_route=\/wp\/v2\/posts"}],"about":[{"href":"https:\/\/obscom.intervozes.org.br\/index.php?rest_route=\/wp\/v2\/types\/post"}],"author":[{"embeddable":true,"href":"https:\/\/obscom.intervozes.org.br\/index.php?rest_route=\/wp\/v2\/users\/1"}],"replies":[{"embeddable":true,"href":"https:\/\/obscom.intervozes.org.br\/index.php?rest_route=%2Fwp%2Fv2%2Fcomments&post=21642"}],"version-history":[{"count":0,"href":"https:\/\/obscom.intervozes.org.br\/index.php?rest_route=\/wp\/v2\/posts\/21642\/revisions"}],"wp:attachment":[{"href":"https:\/\/obscom.intervozes.org.br\/index.php?rest_route=%2Fwp%2Fv2%2Fmedia&parent=21642"}],"wp:term":[{"taxonomy":"category","embeddable":true,"href":"https:\/\/obscom.intervozes.org.br\/index.php?rest_route=%2Fwp%2Fv2%2Fcategories&post=21642"},{"taxonomy":"post_tag","embeddable":true,"href":"https:\/\/obscom.intervozes.org.br\/index.php?rest_route=%2Fwp%2Fv2%2Ftags&post=21642"}],"curies":[{"name":"wp","href":"https:\/\/api.w.org\/{rel}","templated":true}]}}