{"id":21641,"date":"2008-08-13T16:38:05","date_gmt":"2008-08-13T16:38:05","guid":{"rendered":"https:\/\/obscom.intervozes.org.br\/wordpress\/?p=21641"},"modified":"2008-08-13T16:38:05","modified_gmt":"2008-08-13T16:38:05","slug":"testes-sobre-portabilidade-numerica-sao-considerados-insatisfatorios-pela-anatel","status":"publish","type":"post","link":"https:\/\/obscom.intervozes.org.br\/?p=21641","title":{"rendered":"Testes sobre portabilidade num\u00e9rica s\u00e3o considerados insatisfat\u00f3rios pela Anatel"},"content":{"rendered":"<p class=\"padrao\">As operadoras de telefonia fixa e m&oacute;vel t&ecirc;m mais 20 dias para fazer os &uacute;ltimos ajustes no sistema que vai permitir que os consumidores mudem de prestadora sem ter que trocar o n&uacute;mero do telefone, a chamada portabilidade num&eacute;rica. Os testes operacionais est&atilde;o sendo realizados desde o dia 15 de julho, mas, segundo a Ag&ecirc;ncia Nacional de Telecomunica&ccedil;&otilde;es (Anatel), os resultados apresentados at&eacute; agora s&atilde;o insatisfat&oacute;rios.<\/p>\n<p>Na semana passada, a ag&ecirc;ncia convocou uma reuni&atilde;o com todas as empresas envolvidas no processo de implementa&ccedil;&atilde;o da portabilidade num&eacute;rica para avaliar o andamento dos testes e anunciou que vai acompanhar sistematicamente o trabalho das operadoras, para que n&atilde;o haja atrasos no cronograma. A entrada em vigor para a primeira fase do calend&aacute;rio de implanta&ccedil;&atilde;o da portabilidade est&aacute; prevista para o dia 1&ordm; de setembro.<\/p>\n<p>A Anatel garante que o prazo n&atilde;o ser&aacute; revisto, mas representantes das empresas de telefonia j&aacute; alertaram para a necessidade de ter mais tempo para a conclus&atilde;o dos testes. No m&ecirc;s passado, a Associa&ccedil;&atilde;o Brasileira de Concession&aacute;rias de Servi&ccedil;o Telef&ocirc;nico Fixo Comut&aacute;vel (Abrafix) e a Associa&ccedil;&atilde;o Nacional das Operadoras Celulares (Acel) enviaram correspond&ecirc;ncias &agrave; Anatel informando sobre os problemas das empresas.<\/p>\n<p>As operadoras preferem n&atilde;o comentar sobre a fase de implementa&ccedil;&atilde;o da portabilidade e a Anatel tamb&eacute;m n&atilde;o explicou porque considerou os testes insatisfat&oacute;rios. Para o diretor de neg&oacute;cios e assuntos regulat&oacute;rios da Clear Tech, Marcos Bellotti, a complexidade do processo e os gastos que ele envolve podem ser as principais dificuldades encontradas pelas operadoras. A Clear Tech &eacute; a empresa respons&aacute;vel pela implementa&ccedil;&atilde;o e opera&ccedil;&atilde;o da plataforma que permite a troca de mensagens entre as operadoras em rela&ccedil;&atilde;o &agrave; portabilidade num&eacute;rica.<\/p>\n<p>Segundo ele, se a Anatel n&atilde;o alterar o prazo para entrada em vigor da portabilidade, &eacute; poss&iacute;vel que o sistema comece a funcionar mesmo sem estar completamente pronto. &ldquo;Os primeiros dias ser&atilde;o um per&iacute;odo piloto, para a realiza&ccedil;&atilde;o dos ajustes necess&aacute;rios, e cada operadora deve determinar suas estrat&eacute;gias de conting&ecirc;ncia&rdquo;, diz.<\/p>\n<p>A ativa&ccedil;&atilde;o da portabilidade ser&aacute; feita em etapas, de acordo com o c&oacute;digo de &aacute;rea (DDD) de cada regi&atilde;o. A previs&atilde;o &eacute; que at&eacute; mar&ccedil;o de 2009 o sistema j&aacute; esteja dispon&iacute;vel em todo o pa&iacute;s. No dia 1&ordm; de setembro, entra em vigor a portabilidade para as regi&otilde;es com c&oacute;digo 14 (SP), 17 (SP), 27 (ES), 37 (MG), 43 (PR), 62 (GO), 67 (MS) e 86 (PI).<\/p>\n<p>Na telefonia fixa, a portabilidade s&oacute; poder&aacute; ser feita dentro da mesma &aacute;rea local &#8211; munic&iacute;pio ou conjunto de localidades com continuidade urbana. Para os celulares, a manuten&ccedil;&atilde;o do n&uacute;mero ser&aacute; poss&iacute;vel dentro da mesma &aacute;rea de registro &ndash; que corresponde ao DDD.<\/p>\n<p>O pre&ccedil;o da portabilidade ainda ser&aacute; definido pelo Conselho Diretor da Anatel e ser&aacute; cobrado do usu&aacute;rio apenas uma vez pela prestadora para a qual ele deseja mudar. A operadora poder&aacute; isentar o consumidor da tarifa, mas ter&aacute; que repassar o valor para uma entidade administradora, que ir&aacute; gerenciar o processo de portabilidade. Bellotti acredita que o valor cobrado deve ficar em torno de R$ 10,00. &ldquo;Esse &eacute; um valor mundialmente competitivo&rdquo;, afirma.<\/p>\n<p>O Regulamento Geral de Portabilidade foi aprovado pela Anatel em mar&ccedil;o de 2007, depois de ter sido levado a consulta p&uacute;blica. <\/p>\n","protected":false},"excerpt":{"rendered":"<p>As operadoras de telefonia fixa e m&oacute;vel t&ecirc;m mais 20 dias para fazer os &uacute;ltimos ajustes no sistema que vai permitir que os consumidores mudem de prestadora sem ter que trocar o n&uacute;mero do telefone, a chamada portabilidade num&eacute;rica. Os testes operacionais est&atilde;o sendo realizados desde o dia 15 de julho, mas, segundo a Ag&ecirc;ncia &hellip; <a href=\"https:\/\/obscom.intervozes.org.br\/?p=21641\" class=\"more-link\">Continue lendo <span class=\"screen-reader-text\">Testes sobre portabilidade num\u00e9rica s\u00e3o considerados insatisfat\u00f3rios pela Anatel<\/span> <span class=\"meta-nav\">&rarr;<\/span><\/a><\/p>\n","protected":false},"author":1,"featured_media":0,"comment_status":"open","ping_status":"open","sticky":false,"template":"","format":"standard","meta":{"footnotes":""},"categories":[40],"tags":[645],"_links":{"self":[{"href":"https:\/\/obscom.intervozes.org.br\/index.php?rest_route=\/wp\/v2\/posts\/21641"}],"collection":[{"href":"https:\/\/obscom.intervozes.org.br\/index.php?rest_route=\/wp\/v2\/posts"}],"about":[{"href":"https:\/\/obscom.intervozes.org.br\/index.php?rest_route=\/wp\/v2\/types\/post"}],"author":[{"embeddable":true,"href":"https:\/\/obscom.intervozes.org.br\/index.php?rest_route=\/wp\/v2\/users\/1"}],"replies":[{"embeddable":true,"href":"https:\/\/obscom.intervozes.org.br\/index.php?rest_route=%2Fwp%2Fv2%2Fcomments&post=21641"}],"version-history":[{"count":0,"href":"https:\/\/obscom.intervozes.org.br\/index.php?rest_route=\/wp\/v2\/posts\/21641\/revisions"}],"wp:attachment":[{"href":"https:\/\/obscom.intervozes.org.br\/index.php?rest_route=%2Fwp%2Fv2%2Fmedia&parent=21641"}],"wp:term":[{"taxonomy":"category","embeddable":true,"href":"https:\/\/obscom.intervozes.org.br\/index.php?rest_route=%2Fwp%2Fv2%2Fcategories&post=21641"},{"taxonomy":"post_tag","embeddable":true,"href":"https:\/\/obscom.intervozes.org.br\/index.php?rest_route=%2Fwp%2Fv2%2Ftags&post=21641"}],"curies":[{"name":"wp","href":"https:\/\/api.w.org\/{rel}","templated":true}]}}