{"id":21635,"date":"2008-08-08T15:59:35","date_gmt":"2008-08-08T15:59:35","guid":{"rendered":"https:\/\/obscom.intervozes.org.br\/wordpress\/?p=21635"},"modified":"2008-08-08T15:59:35","modified_gmt":"2008-08-08T15:59:35","slug":"entidades-indicam-nomes-para-gt-sobre-regulamentacao-da-profissao-de-jornalista","status":"publish","type":"post","link":"https:\/\/obscom.intervozes.org.br\/?p=21635","title":{"rendered":"Entidades indicam nomes para GT sobre regulamenta\u00e7\u00e3o da profiss\u00e3o de jornalista"},"content":{"rendered":"<p><u><strong>Reproduzido do site Comunique-se<\/strong><\/u>                                                  <\/p>\n<p>O grupo de estudos proposto pelo Minist&eacute;rio do Trabalho e Emprego (MTE) j&aacute; possui alguns nomes indicados. No total, ser&atilde;o nove integrantes, sendo tr&ecirc;s do Minist&eacute;rio, tr&ecirc;s das categorias profissionais e tr&ecirc;s das categorias econ&ocirc;micas.<\/p>\n<p>A Federa&ccedil;&atilde;o Nacional dos Jornalistas vai indicar dois nomes e cedeu uma das vagas para a Associa&ccedil;&atilde;o Brasileira de Imprensa (ABI). Pela Fenaj, participar&atilde;o o presidente da entidade, S&eacute;rgio Murillo; e a presidente do Sindicato dos Jornalistas do Munic&iacute;pio do Rio de Janeiro, Suzana Blass. A ABI foi procurada pelo <em>Comunique-se<\/em>, mas ainda n&atilde;o divulgou sua indica&ccedil;&atilde;o.<\/p>\n<p>Pelas categorias econ&ocirc;micas, a Associa&ccedil;&atilde;o Nacional de Jornais indicou dois nomes: o diretor de rela&ccedil;&otilde;es governamentais, Paulo Tonet; e o diretor do comit&ecirc; jur&iacute;dico, Guliver Le&atilde;o. Pela Associa&ccedil;&atilde;o Brasileira de Emissoras de R&aacute;dio e Televis&atilde;o o indicado &eacute; o advogado Luiz Carlos Amorim Robortella. O presidente da Federa&ccedil;&atilde;o Nacional das Empresas de R&aacute;dio e Televis&atilde;o, Ary dos Santos, tamb&eacute;m dever&aacute; participar do grupo. <\/p>\n<p>Os representantes do Governo n&atilde;o foram divulgados.<\/p>\n","protected":false},"excerpt":{"rendered":"<p>Reproduzido do site Comunique-se O grupo de estudos proposto pelo Minist&eacute;rio do Trabalho e Emprego (MTE) j&aacute; possui alguns nomes indicados. No total, ser&atilde;o nove integrantes, sendo tr&ecirc;s do Minist&eacute;rio, tr&ecirc;s das categorias profissionais e tr&ecirc;s das categorias econ&ocirc;micas. A Federa&ccedil;&atilde;o Nacional dos Jornalistas vai indicar dois nomes e cedeu uma das vagas para a &hellip; <a href=\"https:\/\/obscom.intervozes.org.br\/?p=21635\" class=\"more-link\">Continue lendo <span class=\"screen-reader-text\">Entidades indicam nomes para GT sobre regulamenta\u00e7\u00e3o da profiss\u00e3o de jornalista<\/span> <span class=\"meta-nav\">&rarr;<\/span><\/a><\/p>\n","protected":false},"author":1,"featured_media":0,"comment_status":"open","ping_status":"open","sticky":false,"template":"","format":"standard","meta":{"footnotes":""},"categories":[39],"tags":[],"_links":{"self":[{"href":"https:\/\/obscom.intervozes.org.br\/index.php?rest_route=\/wp\/v2\/posts\/21635"}],"collection":[{"href":"https:\/\/obscom.intervozes.org.br\/index.php?rest_route=\/wp\/v2\/posts"}],"about":[{"href":"https:\/\/obscom.intervozes.org.br\/index.php?rest_route=\/wp\/v2\/types\/post"}],"author":[{"embeddable":true,"href":"https:\/\/obscom.intervozes.org.br\/index.php?rest_route=\/wp\/v2\/users\/1"}],"replies":[{"embeddable":true,"href":"https:\/\/obscom.intervozes.org.br\/index.php?rest_route=%2Fwp%2Fv2%2Fcomments&post=21635"}],"version-history":[{"count":0,"href":"https:\/\/obscom.intervozes.org.br\/index.php?rest_route=\/wp\/v2\/posts\/21635\/revisions"}],"wp:attachment":[{"href":"https:\/\/obscom.intervozes.org.br\/index.php?rest_route=%2Fwp%2Fv2%2Fmedia&parent=21635"}],"wp:term":[{"taxonomy":"category","embeddable":true,"href":"https:\/\/obscom.intervozes.org.br\/index.php?rest_route=%2Fwp%2Fv2%2Fcategories&post=21635"},{"taxonomy":"post_tag","embeddable":true,"href":"https:\/\/obscom.intervozes.org.br\/index.php?rest_route=%2Fwp%2Fv2%2Ftags&post=21635"}],"curies":[{"name":"wp","href":"https:\/\/api.w.org\/{rel}","templated":true}]}}