{"id":21632,"date":"2008-08-07T16:14:25","date_gmt":"2008-08-07T16:14:25","guid":{"rendered":"https:\/\/obscom.intervozes.org.br\/wordpress\/?p=21632"},"modified":"2008-08-07T16:14:25","modified_gmt":"2008-08-07T16:14:25","slug":"frente-parlamentar-de-comunicacao-pretende-criar-marco-regulatorio-para-a-publicidade","status":"publish","type":"post","link":"https:\/\/obscom.intervozes.org.br\/?p=21632","title":{"rendered":"Frente Parlamentar de Comunica\u00e7\u00e3o pretende criar marco regulat\u00f3rio para a publicidade"},"content":{"rendered":"<p><u><strong>Reproduzido do Comunique-se<\/strong><\/u><\/p>\n<p>O senador &Aacute;lvaro Dias (PSDB-PR) afirmou que a Frente Parlamentar de Comunica&ccedil;&atilde;o Social pretende criar um &quot;marco regulat&oacute;rio&quot; para o setor de publicidade. Dias deu detalhes sobre a comiss&atilde;o, criada em 15\/7, na tarde de ter&ccedil;a (05\/8), ao <em>Comunique-se<\/em>.<\/p>\n<p>Representante da frente no Senado, Dias disse que os interesses do mercado e a defesa dos direitos da crian&ccedil;a e do cidad&atilde;o precisam ser equiparados. &quot;&Eacute; preciso compartilhar interesses&quot;, afirmou.<\/p>\n<p>Para o senador, a proibi&ccedil;&atilde;o de qualquer propaganda voltada para crian&ccedil;a na TV, aprovada pela Comiss&atilde;o de Defesa do Consumidor da C&acirc;mara, &eacute; contr&aacute;ria &agrave; liberdade de express&atilde;o.<\/p>\n<p>A Frente Parlamentar de Comunica&ccedil;&atilde;o Social, que ainda n&atilde;o se reuniu, segundo o senador, devido ao recesso da Casa, deve analisar 200 projetos sobre comunica&ccedil;&atilde;o na C&acirc;mara e no Senado. &quot;Conhecendo o teor dos projetos vamos debates com especialistas e elaborar uma legisla&ccedil;&atilde;o moderna e adequada ao setor&quot;, afirmou o senador.<\/p>\n<p>A frente &eacute; composta por 38 senadores e 198 deputados. <\/p>\n","protected":false},"excerpt":{"rendered":"<p>Reproduzido do Comunique-se O senador &Aacute;lvaro Dias (PSDB-PR) afirmou que a Frente Parlamentar de Comunica&ccedil;&atilde;o Social pretende criar um &quot;marco regulat&oacute;rio&quot; para o setor de publicidade. Dias deu detalhes sobre a comiss&atilde;o, criada em 15\/7, na tarde de ter&ccedil;a (05\/8), ao Comunique-se. Representante da frente no Senado, Dias disse que os interesses do mercado e &hellip; <a href=\"https:\/\/obscom.intervozes.org.br\/?p=21632\" class=\"more-link\">Continue lendo <span class=\"screen-reader-text\">Frente Parlamentar de Comunica\u00e7\u00e3o pretende criar marco regulat\u00f3rio para a publicidade<\/span> <span class=\"meta-nav\">&rarr;<\/span><\/a><\/p>\n","protected":false},"author":1,"featured_media":0,"comment_status":"open","ping_status":"open","sticky":false,"template":"","format":"standard","meta":{"footnotes":""},"categories":[39],"tags":[],"_links":{"self":[{"href":"https:\/\/obscom.intervozes.org.br\/index.php?rest_route=\/wp\/v2\/posts\/21632"}],"collection":[{"href":"https:\/\/obscom.intervozes.org.br\/index.php?rest_route=\/wp\/v2\/posts"}],"about":[{"href":"https:\/\/obscom.intervozes.org.br\/index.php?rest_route=\/wp\/v2\/types\/post"}],"author":[{"embeddable":true,"href":"https:\/\/obscom.intervozes.org.br\/index.php?rest_route=\/wp\/v2\/users\/1"}],"replies":[{"embeddable":true,"href":"https:\/\/obscom.intervozes.org.br\/index.php?rest_route=%2Fwp%2Fv2%2Fcomments&post=21632"}],"version-history":[{"count":0,"href":"https:\/\/obscom.intervozes.org.br\/index.php?rest_route=\/wp\/v2\/posts\/21632\/revisions"}],"wp:attachment":[{"href":"https:\/\/obscom.intervozes.org.br\/index.php?rest_route=%2Fwp%2Fv2%2Fmedia&parent=21632"}],"wp:term":[{"taxonomy":"category","embeddable":true,"href":"https:\/\/obscom.intervozes.org.br\/index.php?rest_route=%2Fwp%2Fv2%2Fcategories&post=21632"},{"taxonomy":"post_tag","embeddable":true,"href":"https:\/\/obscom.intervozes.org.br\/index.php?rest_route=%2Fwp%2Fv2%2Ftags&post=21632"}],"curies":[{"name":"wp","href":"https:\/\/api.w.org\/{rel}","templated":true}]}}