{"id":21631,"date":"2008-08-07T16:06:41","date_gmt":"2008-08-07T16:06:41","guid":{"rendered":"https:\/\/obscom.intervozes.org.br\/wordpress\/?p=21631"},"modified":"2008-08-07T16:06:41","modified_gmt":"2008-08-07T16:06:41","slug":"rede-de-intercambio-de-conteudo-entre-tvs-publicas-fica-pronta-este-mes","status":"publish","type":"post","link":"https:\/\/obscom.intervozes.org.br\/?p=21631","title":{"rendered":"Rede de interc\u00e2mbio de conte\u00fado entre TVs p\u00fablicas fica pronta este m\u00eas"},"content":{"rendered":"<p><a name=\"11b9e17453c0c821_m11467\"><\/a><span><u><strong>Reproduzido da TelaViva News<\/strong><\/u><\/p>\n<p>A distribui&ccedil;&atilde;o do conte&uacute;do da TV Brasil para as emissoras afiliadas n&atilde;o &eacute; t&atilde;o simples como nas redes comerciais. Isto porque a id&eacute;ia &eacute; que as afiliadas troquem conte&uacute;dos entre si e a grade n&atilde;o &eacute; imposta de forma t&atilde;o r&iacute;gida &agrave;s afiliadas. Portanto, a simples distribui&ccedil;&atilde;o por sat&eacute;lite, da cabe&ccedil;a de rede para as afiliadas, n&atilde;o resolveria a quest&atilde;o.<\/p>\n<p> A solu&ccedil;&atilde;o, financiada pela TV Brasil, &eacute; o projeto Rede de Interc&acirc;mbio de TV P&uacute;blica (RITVp), que deve come&ccedil;ar a funcionar no dia 8 de agosto. As seis primeiras cidades que participam do projeto se conectar&atilde;o atrav&eacute;s da Rede Nacional de Ensino e Pesquisa (RNP), institui&ccedil;&atilde;o que administra a rede acad&ecirc;mica brasileira. O projeto interligar&aacute; as TVs educativas do Rio de Janeiro, S&atilde;o Paulo, S&atilde;o Lu&iacute;s (MA), Bras&iacute;lia (DF), Salvador (BA) e Bel&eacute;m (PA) para transfer&ecirc;ncia de conte&uacute;dos audiovisuais.<\/p>\n<p> A Telef&ocirc;nica foi selecionada para fornecer o link em S&atilde;o Paulo. Para Rio, Bras&iacute;lia, Salvador, S&atilde;o Lu&iacute;s e Bel&eacute;m, a Oi far&aacute; a liga&ccedil;&atilde;o das emissoras da TV Brasil e as educativas com a RNP. <\/span><\/p>\n","protected":false},"excerpt":{"rendered":"<p>Reproduzido da TelaViva News A distribui&ccedil;&atilde;o do conte&uacute;do da TV Brasil para as emissoras afiliadas n&atilde;o &eacute; t&atilde;o simples como nas redes comerciais. Isto porque a id&eacute;ia &eacute; que as afiliadas troquem conte&uacute;dos entre si e a grade n&atilde;o &eacute; imposta de forma t&atilde;o r&iacute;gida &agrave;s afiliadas. Portanto, a simples distribui&ccedil;&atilde;o por sat&eacute;lite, da cabe&ccedil;a &hellip; <a href=\"https:\/\/obscom.intervozes.org.br\/?p=21631\" class=\"more-link\">Continue lendo <span class=\"screen-reader-text\">Rede de interc\u00e2mbio de conte\u00fado entre TVs p\u00fablicas fica pronta este m\u00eas<\/span> <span class=\"meta-nav\">&rarr;<\/span><\/a><\/p>\n","protected":false},"author":1,"featured_media":0,"comment_status":"open","ping_status":"open","sticky":false,"template":"","format":"standard","meta":{"footnotes":""},"categories":[39],"tags":[],"_links":{"self":[{"href":"https:\/\/obscom.intervozes.org.br\/index.php?rest_route=\/wp\/v2\/posts\/21631"}],"collection":[{"href":"https:\/\/obscom.intervozes.org.br\/index.php?rest_route=\/wp\/v2\/posts"}],"about":[{"href":"https:\/\/obscom.intervozes.org.br\/index.php?rest_route=\/wp\/v2\/types\/post"}],"author":[{"embeddable":true,"href":"https:\/\/obscom.intervozes.org.br\/index.php?rest_route=\/wp\/v2\/users\/1"}],"replies":[{"embeddable":true,"href":"https:\/\/obscom.intervozes.org.br\/index.php?rest_route=%2Fwp%2Fv2%2Fcomments&post=21631"}],"version-history":[{"count":0,"href":"https:\/\/obscom.intervozes.org.br\/index.php?rest_route=\/wp\/v2\/posts\/21631\/revisions"}],"wp:attachment":[{"href":"https:\/\/obscom.intervozes.org.br\/index.php?rest_route=%2Fwp%2Fv2%2Fmedia&parent=21631"}],"wp:term":[{"taxonomy":"category","embeddable":true,"href":"https:\/\/obscom.intervozes.org.br\/index.php?rest_route=%2Fwp%2Fv2%2Fcategories&post=21631"},{"taxonomy":"post_tag","embeddable":true,"href":"https:\/\/obscom.intervozes.org.br\/index.php?rest_route=%2Fwp%2Fv2%2Ftags&post=21631"}],"curies":[{"name":"wp","href":"https:\/\/api.w.org\/{rel}","templated":true}]}}