{"id":21626,"date":"2008-08-06T20:20:21","date_gmt":"2008-08-06T20:20:21","guid":{"rendered":"https:\/\/obscom.intervozes.org.br\/wordpress\/?p=21626"},"modified":"2008-08-06T20:20:21","modified_gmt":"2008-08-06T20:20:21","slug":"camara-deve-realizar-audiencias-sobre-renovacao-de-outorgas","status":"publish","type":"post","link":"https:\/\/obscom.intervozes.org.br\/?p=21626","title":{"rendered":"C\u00e2mara deve realizar audi\u00eancias sobre renova\u00e7\u00e3o de outorgas"},"content":{"rendered":"<p>Prevista para ser apreciada na reuni&atilde;o da Comiss&atilde;o de Ci&ecirc;ncia e Tecnologia, Comunica&ccedil;&atilde;o e Inform&aacute;tica (CCTCI) da C&acirc;mara dos Deputados desta quarta-feira (6\/7), a renova&ccedil;&atilde;o da emissora da Rede Globo na cidade de Belo Horizonte foi retirada de pauta pelo presidente da comiss&atilde;o, deputado Walter Pinheiro (PT-BA). O parlamentar baiano optou por apresentar requerimento para a realiza&ccedil;&atilde;o de uma audi&ecirc;ncia p&uacute;blica &ldquo;para discutir os atos do Poder Executivo que renovam as outorgas das concess&otilde;es de servi&ccedil;os de radiodifus&atilde;o&rdquo;. Por conta da sess&atilde;o no Plen&aacute;rio da C&acirc;mara, a proposta foi discutida, mas n&atilde;o votada. A perspectiva do autor do requerimento &eacute; que isso ocorra na pr&oacute;xima reuni&atilde;o da comiss&atilde;o.<\/p>\n<p>Segundo Pinheiro, o objetivo da iniciativa &eacute; aproveitar o processo de aprecia&ccedil;&atilde;o da renova&ccedil;&atilde;o de outorgas de cabe&ccedil;as-de-rede, como Globo, Record e Bandeirantes, para retomar a discuss&atilde;o sobre os crit&eacute;rios para este tipo de autoriza&ccedil;&atilde;o por parte dos poderes Executivo e Legislativo. Isso se faz mais importante, acrescentou o presidente da CCTCI, em raz&atilde;o das pol&ecirc;micas recentes sobre o tema e frente &agrave;s mudan&ccedil;as recentes nos procedimentos para aprova&ccedil;&atilde;o da continuidade das outorgas para concession&aacute;rios de r&aacute;dio e TV. <\/p>\n<p>&ldquo;Este &eacute; um assunto que tem ganho, nos &uacute;ltimos anos, destaque a partir da necessidade de mais crit&eacute;rios e rigor de debate sobre a forma como tem se dado as concess&otilde;es&rdquo;, avaliou.<\/p>\n<p>Em 2007, duas iniciativas colocaram o assunto da concess&atilde;o de outorgas de radiodifus&atilde;o em evid&ecirc;ncia. Movimentos sociais e organiza&ccedil;&otilde;es da sociedade civil aproveitaram a ocasi&atilde;o do vencimento das licen&ccedil;as de importantes emissoras no dia 5 de outubro para lan&ccedil;ar uma campanha por democracia e transpar&ecirc;ncia nas concess&otilde;es de r&aacute;dio e TV. O movimento questionava o processo quase autom&aacute;tico de aprova&ccedil;&atilde;o destas outorgas, criticando a falta de participa&ccedil;&atilde;o e de crit&eacute;rios para a avalia&ccedil;&atilde;o da atua&ccedil;&atilde;o de uma concession&aacute;ria.<\/p>\n<p>Em paralelo, foi formada no &acirc;mbito da CCTCI uma sub-comiss&atilde;o com a finalidade de analisar os procedimentos relativos ao tema na C&acirc;mara dos Deputados. Como resultado da aprova&ccedil;&atilde;o do relat&oacute;rio preliminar da sub-comiss&atilde;o, foi alterado o Ato Normativo que disciplinava a tramita&ccedil;&atilde;o das outorgas de radiodifus&atilde;o. Uma das inova&ccedil;&otilde;es foi a previs&atilde;o de audi&ecirc;ncias p&uacute;blicas para a discuss&atilde;o dos processos, possibilidade que embasou o pedido do deputado Walter Pinheiro. <\/p>\n<p>De acordo com o parlamentar, os crit&eacute;rios de &ldquo;interesse p&uacute;blico envolvido&rdquo;, &ldquo;abrang&ecirc;ncia do servi&ccedil;o prestado&rdquo; e &ldquo;penetra&ccedil;&atilde;o da programa&ccedil;&atilde;o da emissora&rdquo; exigidos para o uso deste tipo de mecanismo s&atilde;o totalmente justific&aacute;veis pela import&acirc;ncia que estas emissoras na m&iacute;dia brasileira.<\/p>\n<p>Na opini&atilde;o da deputada Luiz Erundina (PSB-SP), que tamb&eacute;m subscreveu o requerimento, o uso deste instrumento de debate deve-se tamb&eacute;m ao fato de a popula&ccedil;&atilde;o mostrar crescente preocupa&ccedil;&atilde;o com a qualidade e a democracia na m&iacute;dia brasileira. &ldquo;Hoje temos sociedade mais atenta, mais mobilizada e mais consciente deste patrim&ocirc;nio, explorado pela iniciativa privada mas que deve atender os reclamos da sociedade.&rdquo;<\/p>\n<p>Exemplo disso &eacute; o fato de o pr&oacute;prio pedido de audi&ecirc;ncia do presidente da CCTCI ter sido motivado tamb&eacute;m por um of&iacute;cio assinado pela Associa&ccedil;&atilde;o Brasileira de Organiza&ccedil;&otilde;es N&atilde;o-Governamentais (Abong), a Associa&ccedil;&atilde;o Mundial de R&aacute;dios Comunit&aacute;rias (Amarc), a Central &Uacute;nica dos Trabalhadores (CUT), a Federa&ccedil;&atilde;o Interestadual dos Trabalhadores em R&aacute;dio e TV (Fitert) e pelo Intervozes &#8211; Coletivo Brasil de Comunica&ccedil;&atilde;o Social. <br \/><strong><br \/>Contrapartidas<\/strong><\/p>\n<p>Na discuss&atilde;o da proposta, alguns parlamentares expuseram suas expectativas sobre o debate. Para Luiza Erundina, seria salutar convocar representantes das emissoras e de entidades da sociedade civil, sejam aquelas que lidam diretamente com a &aacute;rea sejam outras de grande representa&ccedil;&atilde;o, para debater como garantir que as renova&ccedil;&otilde;es &ldquo;se d&ecirc;em com base em crit&eacute;rios mais rigorosos, com contrapartidas exigidas das concession&aacute;rias&rdquo;. Estes compromissos, acrescentou a deputada, devem estar relacionados aos artigos da Constitui&ccedil;&atilde;o Federal, como a promo&ccedil;&atilde;o da produ&ccedil;&atilde;o independente e regionalizada e a proibi&ccedil;&atilde;o de atua&ccedil;&atilde;o em monop&oacute;lio. <\/p>\n<p>O deputado Fernando Ferro (PT-PE), outro parlamentar que subscreveu o requerimento, comparou o processo com as exig&ecirc;ncias ambientais feitas pelo Poder P&uacute;blico quando da constru&ccedil;&atilde;o de uma obra de infra-estrutura. &ldquo;Numa concess&atilde;o de uso de instrumento p&uacute;blico como &eacute; canal de comunica&ccedil;&atilde;o, dever&iacute;amos ter algo assemelhado&rdquo;, prop&ocirc;s. J&aacute; Walter Pinheiro destacou a import&acirc;ncia de debater como se dar&aacute; o acompanhamento permanente do Tribunal de Contas da Uni&atilde;o sobre o uso destas outorgas p&uacute;blicas. <\/p>\n<p>Na avalia&ccedil;&atilde;o do parlamentar baiano, o debate deve mirar na atua&ccedil;&atilde;o de maneira mais rigorosa e transparente em rela&ccedil;&atilde;o &agrave;s concess&otilde;es comerciais, mas dever&aacute; tamb&eacute;m apontar para a discuss&atilde;o sobre os problemas na aprova&ccedil;&atilde;o de permiss&otilde;es para r&aacute;dios e TVs educativas e autoriza&ccedil;&otilde;es para r&aacute;dios comunit&aacute;rias. &ldquo;&Eacute; importante que tratemos esta quest&atilde;o para que admitamos que problema n&atilde;o ocorre somente nas concess&otilde;es comerciais&rdquo;, defendeu.<\/p>\n<p>Para Br&aacute;ulio Ribeiro, do Intervozes, a iniciativa ser&aacute; um marco para ampliar as possibilidades de participa&ccedil;&atilde;o no processo de concess&atilde;o de outorgas. Mas para ter efetividade, precisa resultar no compromisso das concession&aacute;rias com o cumprimento de determinadas obriga&ccedil;&otilde;es. &ldquo;&Eacute; de suma import&acirc;ncia a realiza&ccedil;&atilde;o de uma ou mais audi&ecirc;ncias p&uacute;blicas para debater a renova&ccedil;&atilde;o dessas concess&otilde;es que possuem cobertura nacional&rdquo;, afirma Ribeiro. &ldquo;Nelas, a sociedade poder&aacute; dizer, de forma direta, o que espera de cada concession&aacute;rio para os pr&oacute;ximos 15 anos. &Eacute; importante que as emissoras se comprometam com percentuais m&iacute;nimos de produ&ccedil;&atilde;o regional e independente, com os limites impostos pela lei &agrave; forma&ccedil;&atilde;o de monop&oacute;lios, entre outras obriga&ccedil;&otilde;es que hoje, infelizmente, est&atilde;o apenas no papel.&rdquo;<\/p>\n","protected":false},"excerpt":{"rendered":"<p>Processo de renova\u00e7\u00e3o de cabe\u00e7a-de-rede da Globo foi suspenso para que se realize audi\u00eancia p\u00fablica sobre os crit\u00e9rios para concess\u00f5es; iniciativa foi motivada por of\u00edcio enviado \u00e0 CCTCI por entidades<\/p>\n","protected":false},"author":1,"featured_media":0,"comment_status":"open","ping_status":"open","sticky":false,"template":"","format":"standard","meta":{"footnotes":""},"categories":[40],"tags":[106],"_links":{"self":[{"href":"https:\/\/obscom.intervozes.org.br\/index.php?rest_route=\/wp\/v2\/posts\/21626"}],"collection":[{"href":"https:\/\/obscom.intervozes.org.br\/index.php?rest_route=\/wp\/v2\/posts"}],"about":[{"href":"https:\/\/obscom.intervozes.org.br\/index.php?rest_route=\/wp\/v2\/types\/post"}],"author":[{"embeddable":true,"href":"https:\/\/obscom.intervozes.org.br\/index.php?rest_route=\/wp\/v2\/users\/1"}],"replies":[{"embeddable":true,"href":"https:\/\/obscom.intervozes.org.br\/index.php?rest_route=%2Fwp%2Fv2%2Fcomments&post=21626"}],"version-history":[{"count":0,"href":"https:\/\/obscom.intervozes.org.br\/index.php?rest_route=\/wp\/v2\/posts\/21626\/revisions"}],"wp:attachment":[{"href":"https:\/\/obscom.intervozes.org.br\/index.php?rest_route=%2Fwp%2Fv2%2Fmedia&parent=21626"}],"wp:term":[{"taxonomy":"category","embeddable":true,"href":"https:\/\/obscom.intervozes.org.br\/index.php?rest_route=%2Fwp%2Fv2%2Fcategories&post=21626"},{"taxonomy":"post_tag","embeddable":true,"href":"https:\/\/obscom.intervozes.org.br\/index.php?rest_route=%2Fwp%2Fv2%2Ftags&post=21626"}],"curies":[{"name":"wp","href":"https:\/\/api.w.org\/{rel}","templated":true}]}}