{"id":21623,"date":"2008-08-05T18:04:03","date_gmt":"2008-08-05T18:04:03","guid":{"rendered":"https:\/\/obscom.intervozes.org.br\/wordpress\/?p=21623"},"modified":"2008-08-05T18:04:03","modified_gmt":"2008-08-05T18:04:03","slug":"multiplicidade-de-opinioes-marca-consulta-do-plano-de-atualizacao-da-regulamentacao","status":"publish","type":"post","link":"https:\/\/obscom.intervozes.org.br\/?p=21623","title":{"rendered":"Multiplicidade de opini\u00f5es marca consulta do Plano de Atualiza\u00e7\u00e3o da Regulamenta\u00e7\u00e3o"},"content":{"rendered":"<p>As contribui&ccedil;&otilde;es feitas durante a consulta p&uacute;blica da proposta de Plano Geral de Atualiza&ccedil;&atilde;o da Regulamenta&ccedil;&atilde;o (PGR) mostram um cen&aacute;rio de pouco consenso entre as diversas empresas de telecomunica&ccedil;&otilde;es. A diversidade de opini&otilde;es n&atilde;o est&aacute; restrita a uma posi&ccedil;&atilde;o de &quot;grupo&quot; ou &quot;de servi&ccedil;o&quot;, como costuma acontecer durante a implementa&ccedil;&atilde;o de novidades no setor. Em muitos itens, &eacute; poss&iacute;vel encontrar opini&otilde;es diversas entre empresas de um mesmo ramo, o que pode ser considerado um ind&iacute;cio de que a Anatel ainda ter&aacute; muito trabalho pela frente para conciliar a implanta&ccedil;&atilde;o da reforma pretendida.<\/p>\n<p>Um dos poucos pontos pac&iacute;ficos aparece logo no in&iacute;cio da lista de sugest&otilde;es. Boa parte das empresas e associa&ccedil;&otilde;es sugere que a Anatel defina mais claramente os prazos de implementa&ccedil;&atilde;o dos itens citados no PGR, especialmente os de curto prazo. A Telcomp, a Brasil Telecom e a ouvidoria da pr&oacute;pria ag&ecirc;ncia reguladora pedem para que fique explicitado no texto que as a&ccedil;&otilde;es &quot;de curto prazo&quot; ser&atilde;o executadas em at&eacute; dois anos, como a Anatel t&ecirc;m divulgado nas diversas apresenta&ccedil;&otilde;es p&uacute;blicas que realizou.<\/p>\n<p>No entanto, h&aacute; quem defenda que alguns ajustes podem ser feitos bem mais r&aacute;pido. &Eacute; o caso da Abranet, que sugere a implanta&ccedil;&atilde;o deste conjunto de a&ccedil;&otilde;es em at&eacute; nove meses contados da publica&ccedil;&atilde;o oficial do documento. J&aacute; a Intelig sugere que este prazo seja de um ano.<\/p>\n<p>A TIM tem pensamento parecido e pede que a ag&ecirc;ncia crie um pacote de a&ccedil;&otilde;es de &quot;curt&iacute;ssimo&quot; prazo, a ser implementado em at&eacute; 12 meses. Nesse conjunto entrariam a regulamenta&ccedil;&atilde;o da desagrega&ccedil;&atilde;o das redes e um Regulamento Geral de Fiscaliza&ccedil;&atilde;o, fora dos planos iniciais da reguladora.<\/p>\n<p><strong>Pol&iacute;tica?<\/strong><\/p>\n<p>Uma das contribui&ccedil;&otilde;es, feita pela EZCOM Consultoria, critica o conjunto da obra apresentada pela Anatel. Aqu&eacute;m do m&eacute;rito da proposta, a consultoria p&otilde;e em d&uacute;vida se a ag&ecirc;ncia reguladora n&atilde;o est&aacute; extrapolando suas atribui&ccedil;&otilde;es ao criar o PGR por conta das caracter&iacute;sticas de &quot;pol&iacute;tica p&uacute;blica&quot; que a proposta possui.<\/p>\n<p>&quot;Os princ&iacute;pios regulat&oacute;rios, os objetivos e os prop&oacute;sitos estrat&eacute;gicos em que a Anatel se baseou s&atilde;o, na realidade, pol&iacute;ticas &#8211; que, conforme a LGT, devem ser estabelecidas pelo Legislativo ou pelo Executivo. Cabe portanto verificar se eles (os princ&iacute;pios, objetivos e prop&oacute;sitos estrat&eacute;gicos) atendem a esse comando legal&nbsp;&nbsp; isto &eacute;, se eles foram estabelecidos por quem tem compet&ecirc;ncia legal para faz&ecirc;-lo&quot;, questiona a EZCOM. Para a consultoria, tamb&eacute;m n&atilde;o est&aacute; clara a motiva&ccedil;&atilde;o da constru&ccedil;&atilde;o do PGR e o m&eacute;todo de escolha das prioridades. Ela diz que deveria ter sido feita uma consulta para definir estes itens ao inv&eacute;s de uma defini&ccedil;&atilde;o unilateral da ag&ecirc;ncia reguladora. A empresa pertence a &Eacute;rcio Zilli, presidente da Acel, mas as sugest&otilde;es n&atilde;o t&ecirc;m nenhuma rela&ccedil;&atilde;o com a associa&ccedil;&atilde;o de celulares.<\/p>\n<p><strong>Equil&iacute;brio econ&ocirc;mico<\/strong><\/p>\n<p>Outra cr&iacute;tica que perpassa diversas contribui&ccedil;&otilde;es &eacute; com rela&ccedil;&atilde;o &agrave; falta de clareza se as a&ccedil;&otilde;es afetam o equil&iacute;brio econ&ocirc;mico das opera&ccedil;&otilde;es do setor. Al&eacute;m das concession&aacute;rias, algumas celulares tamb&eacute;m se mostraram preocupadas com os impactos financeiros das novas regras. Entre elas est&aacute; a Claro, que solicitou &agrave; Anatel que explique a relev&acirc;ncia da execu&ccedil;&atilde;o das medidas e sugeriu que itens lan&ccedil;ados na agenda de m&eacute;dio prazo &#8211; como a reestrutura&ccedil;&atilde;o da Anatel e a revis&atilde;o da regulamenta&ccedil;&atilde;o do Fust &#8211; sejam transferidos para a lista de curto prazo.<\/p>\n","protected":false},"excerpt":{"rendered":"<p>As contribui&ccedil;&otilde;es feitas durante a consulta p&uacute;blica da proposta de Plano Geral de Atualiza&ccedil;&atilde;o da Regulamenta&ccedil;&atilde;o (PGR) mostram um cen&aacute;rio de pouco consenso entre as diversas empresas de telecomunica&ccedil;&otilde;es. A diversidade de opini&otilde;es n&atilde;o est&aacute; restrita a uma posi&ccedil;&atilde;o de &quot;grupo&quot; ou &quot;de servi&ccedil;o&quot;, como costuma acontecer durante a implementa&ccedil;&atilde;o de novidades no setor. Em &hellip; <a href=\"https:\/\/obscom.intervozes.org.br\/?p=21623\" class=\"more-link\">Continue lendo <span class=\"screen-reader-text\">Multiplicidade de opini\u00f5es marca consulta do Plano de Atualiza\u00e7\u00e3o da Regulamenta\u00e7\u00e3o<\/span> <span class=\"meta-nav\">&rarr;<\/span><\/a><\/p>\n","protected":false},"author":1,"featured_media":0,"comment_status":"open","ping_status":"open","sticky":false,"template":"","format":"standard","meta":{"footnotes":""},"categories":[40],"tags":[831],"_links":{"self":[{"href":"https:\/\/obscom.intervozes.org.br\/index.php?rest_route=\/wp\/v2\/posts\/21623"}],"collection":[{"href":"https:\/\/obscom.intervozes.org.br\/index.php?rest_route=\/wp\/v2\/posts"}],"about":[{"href":"https:\/\/obscom.intervozes.org.br\/index.php?rest_route=\/wp\/v2\/types\/post"}],"author":[{"embeddable":true,"href":"https:\/\/obscom.intervozes.org.br\/index.php?rest_route=\/wp\/v2\/users\/1"}],"replies":[{"embeddable":true,"href":"https:\/\/obscom.intervozes.org.br\/index.php?rest_route=%2Fwp%2Fv2%2Fcomments&post=21623"}],"version-history":[{"count":0,"href":"https:\/\/obscom.intervozes.org.br\/index.php?rest_route=\/wp\/v2\/posts\/21623\/revisions"}],"wp:attachment":[{"href":"https:\/\/obscom.intervozes.org.br\/index.php?rest_route=%2Fwp%2Fv2%2Fmedia&parent=21623"}],"wp:term":[{"taxonomy":"category","embeddable":true,"href":"https:\/\/obscom.intervozes.org.br\/index.php?rest_route=%2Fwp%2Fv2%2Fcategories&post=21623"},{"taxonomy":"post_tag","embeddable":true,"href":"https:\/\/obscom.intervozes.org.br\/index.php?rest_route=%2Fwp%2Fv2%2Ftags&post=21623"}],"curies":[{"name":"wp","href":"https:\/\/api.w.org\/{rel}","templated":true}]}}