{"id":21621,"date":"2008-08-05T17:54:40","date_gmt":"2008-08-05T17:54:40","guid":{"rendered":"https:\/\/obscom.intervozes.org.br\/wordpress\/?p=21621"},"modified":"2008-08-05T17:54:40","modified_gmt":"2008-08-05T17:54:40","slug":"revelando-os-brasis-tera-sessoes-no-interior-do-pais-a-partir-de-agosto","status":"publish","type":"post","link":"https:\/\/obscom.intervozes.org.br\/?p=21621","title":{"rendered":"&#8216;Revelando os Brasis&#8217; ter\u00e1 sess\u00f5es no interior do Pa\u00eds a partir de agosto"},"content":{"rendered":"<p><u><strong>Reproduzido do TelaViva News<\/strong><\/u><\/p>\n<p> Circuito de exibi&ccedil;&atilde;o do &quot;Revelando os Brasis&quot;, programa da Secretaria do Audiovisual do Minist&eacute;rio da Cultura que viabiliza a produ&ccedil;&atilde;o de v&iacute;deos digitais em cidades de at&eacute; 20 mil habitantes, retoma suas atividades na quinta-feira, dia 7. Os tr&ecirc;s caminh&otilde;es do circuito, equipados com telas, cadeiras e projetores para promover sess&otilde;es em ruas e pra&ccedil;as, ter&atilde;o rotas diferentes e percorrer&atilde;o at&eacute; o dia 11 de setembro, data prevista para o encerramento das exibi&ccedil;&otilde;es, 24,5 mil quil&ocirc;metros, passando por 40 munic&iacute;pios de at&eacute; 20 mil habitantes e 21 capitais. <\/p>\n<p>As cidades assistir&atilde;o a uma programa&ccedil;&atilde;o com o v&iacute;deo realizado no munic&iacute;pio e mais tr&ecirc;s produ&ccedil;&otilde;es do projeto. O lan&ccedil;amento do circuito acontece no dia 7 de agosto, &agrave;s 19h30, em Barra de S&atilde;o Miguel, Para&iacute;ba, e contar&aacute; com a presen&ccedil;a do secret&aacute;rio do Audiovisual do Minist&eacute;rio da Cultura Silvio Da-Rin.<\/p>\n<p>A primeira edi&ccedil;&atilde;o do Circuito, no ano passado, passou por 61 munic&iacute;pios, apresentando os v&iacute;deos do Revelando os Brasis Ano I e reunindo um p&uacute;blico m&eacute;dio de 500 pessoas por sess&atilde;o. A partir de 2008, al&eacute;m de serem exibidas no Canal Futura, as produ&ccedil;&otilde;es tamb&eacute;m ser&atilde;o lan&ccedil;adas em DVD com distribui&ccedil;&atilde;o gratuita entre organiza&ccedil;&otilde;es sociais e culturais, bibliotecas, universidades e cineclubes de todo o Pa&iacute;s.<\/p>\n","protected":false},"excerpt":{"rendered":"<p>Reproduzido do TelaViva News Circuito de exibi&ccedil;&atilde;o do &quot;Revelando os Brasis&quot;, programa da Secretaria do Audiovisual do Minist&eacute;rio da Cultura que viabiliza a produ&ccedil;&atilde;o de v&iacute;deos digitais em cidades de at&eacute; 20 mil habitantes, retoma suas atividades na quinta-feira, dia 7. Os tr&ecirc;s caminh&otilde;es do circuito, equipados com telas, cadeiras e projetores para promover sess&otilde;es &hellip; <a href=\"https:\/\/obscom.intervozes.org.br\/?p=21621\" class=\"more-link\">Continue lendo <span class=\"screen-reader-text\">&#8216;Revelando os Brasis&#8217; ter\u00e1 sess\u00f5es no interior do Pa\u00eds a partir de agosto<\/span> <span class=\"meta-nav\">&rarr;<\/span><\/a><\/p>\n","protected":false},"author":1,"featured_media":0,"comment_status":"open","ping_status":"open","sticky":false,"template":"","format":"standard","meta":{"footnotes":""},"categories":[39],"tags":[],"_links":{"self":[{"href":"https:\/\/obscom.intervozes.org.br\/index.php?rest_route=\/wp\/v2\/posts\/21621"}],"collection":[{"href":"https:\/\/obscom.intervozes.org.br\/index.php?rest_route=\/wp\/v2\/posts"}],"about":[{"href":"https:\/\/obscom.intervozes.org.br\/index.php?rest_route=\/wp\/v2\/types\/post"}],"author":[{"embeddable":true,"href":"https:\/\/obscom.intervozes.org.br\/index.php?rest_route=\/wp\/v2\/users\/1"}],"replies":[{"embeddable":true,"href":"https:\/\/obscom.intervozes.org.br\/index.php?rest_route=%2Fwp%2Fv2%2Fcomments&post=21621"}],"version-history":[{"count":0,"href":"https:\/\/obscom.intervozes.org.br\/index.php?rest_route=\/wp\/v2\/posts\/21621\/revisions"}],"wp:attachment":[{"href":"https:\/\/obscom.intervozes.org.br\/index.php?rest_route=%2Fwp%2Fv2%2Fmedia&parent=21621"}],"wp:term":[{"taxonomy":"category","embeddable":true,"href":"https:\/\/obscom.intervozes.org.br\/index.php?rest_route=%2Fwp%2Fv2%2Fcategories&post=21621"},{"taxonomy":"post_tag","embeddable":true,"href":"https:\/\/obscom.intervozes.org.br\/index.php?rest_route=%2Fwp%2Fv2%2Ftags&post=21621"}],"curies":[{"name":"wp","href":"https:\/\/api.w.org\/{rel}","templated":true}]}}