{"id":21620,"date":"2008-08-05T17:22:44","date_gmt":"2008-08-05T17:22:44","guid":{"rendered":"https:\/\/obscom.intervozes.org.br\/wordpress\/?p=21620"},"modified":"2008-08-05T17:22:44","modified_gmt":"2008-08-05T17:22:44","slug":"abepec-buscara-realizacao-do-ii-forum-nacional-de-tvs-publicas","status":"publish","type":"post","link":"https:\/\/obscom.intervozes.org.br\/?p=21620","title":{"rendered":"Abepec buscar\u00e1 realiza\u00e7\u00e3o do II F\u00f3rum Nacional de TVs P\u00fablicas"},"content":{"rendered":"<p><a name=\"11b93b7e9e534f15_m11427\" title=\"11b93b7e9e534f15_m11427\"><\/a><span>Terminou na &uacute;ltima sexta-feira, em Bel&eacute;m, o XXVII Encontro Nacional da Abepec que reuniu dirigentes de 20 emissoras p&uacute;blicas do Brasil e aprovou a defini&ccedil;&atilde;o de que a entidade ir&aacute; se movimentar para produzir o II F&oacute;rum Nacional de TVs P&uacute;blicas. A entidade aprovou tamb&eacute;m a produ&ccedil;&atilde;o de mo&ccedil;&otilde;es de apoio &agrave; realiza&ccedil;&atilde;o da Confer&ecirc;ncia Nacional de Comunica&ccedil;&otilde;es e a manuten&ccedil;&atilde;o do secret&aacute;rio executivo do Minist&eacute;rio da Cultura, Juca Ferreira como ministro da Cultura.<\/p>\n<p> A entidade discutir&aacute; a produ&ccedil;&atilde;o de um novo grande f&oacute;rum de discuss&atilde;o do campo p&uacute;blico da televis&atilde;o brasileira, principalmente na quest&atilde;o da regulamenta&ccedil;&atilde;o das emissoras e dos novos conte&uacute;dos a serem produzidos diante da realidade da digitaliza&ccedil;&atilde;o das transmiss&otilde;es.<\/p>\n<p> Foi marcante tamb&eacute;m no evento a manifesta&ccedil;&atilde;o de apoio &agrave; gest&atilde;o do ministro Gilberto Gil, que deixou o minist&eacute;rio nesta semana.<\/p>\n<p> Para Ant&ocirc;nio Achilis, presidente da Abepec, o evento significou &ldquo;a estrutura&ccedil;&atilde;o de solu&ccedil;&otilde;es de abertura de frentes para a consolida&ccedil;&atilde;o da TV p&uacute;blica brasileira que aprofundam seus compromissos com a sociedade e justificam as raz&otilde;es da sua exist&ecirc;ncia&rdquo;.<\/p>\n<p> Durante o evento foi apresentado o projeto de cria&ccedil;&atilde;o de um instituto do pensamento da TV p&uacute;blica, ainda sem nome definido, a ser criado como centro de excel&ecirc;ncia na produ&ccedil;&atilde;o de conhecimento sobre televis&atilde;o p&uacute;blica e que pretende produzir uma publica&ccedil;&atilde;o peri&oacute;dica. O projeto foi apresentado por Jorge da Cunha Lima, presidente do Conselho Curador da TV Cultura de S&atilde;o Paulo. Segundo ele, o instituto ser&aacute; uma esp&eacute;cie de marco civilizat&oacute;rio para as emissoras brasileiras. &quot;A cria&ccedil;&atilde;o de um instituto de pesquisa &eacute; importante para que exista um respaldo te&oacute;rico permanente para socorrer os ideais, a tecnologia e a renova&ccedil;&atilde;o da TV p&uacute;blica. Tivemos um f&oacute;rum, que deu o princ&iacute;pio te&oacute;rico, mas precisamos ter uma mem&oacute;ria de acervo, de decis&otilde;es e uma constante pesquisa sobre a quest&atilde;o&quot;, explica.<\/p>\n<p> Na reuni&atilde;o, a Secretaria do Audiovisual do Minist&eacute;rio da Cultura apresentou uma s&eacute;rie de projetos a serem desenvolvidos em parceria com as emissoras p&uacute;blicas, entre eles o Anima TV, que fomentar&aacute; a produ&ccedil;&atilde;o de filmes de anima&ccedil;&atilde;o a serem exibidos nestas emissoras. <\/p>\n<p> A TV Brasil esteve representada no evento com a presidente da empresa (EBC), Tereza Cruvinel, que anunciou a retomada das reuni&otilde;es para as defini&ccedil;&otilde;es da rede nacional de emissoras que deve transmitir programa&ccedil;&atilde;o simult&acirc;nea em todo o pa&iacute;s.<\/p>\n<p> A TV Cultura apresentou no evento uma nova proposta de relacionamento com as emissoras associadas da Abepec se colocando como uma produtora de conte&uacute;do e n&atilde;o como uma &ldquo;cabe&ccedil;a de rede&rdquo;. Segundo Paulo Markun, presidente da Funda&ccedil;&atilde;o Padre Anchieta, com a entrada da TV Brasil no mercado, foi necess&aacute;rio rever a posi&ccedil;&atilde;o da TV Cultura. &ldquo;A TV Brasil tem em sua miss&atilde;o montar uma rede nacional e a TV Cultura &eacute; uma emissora de abrang&ecirc;ncia estadual com interesse em se relacionar em parcerias de co-produ&ccedil;&atilde;o, troca de conte&uacute;dos e novos projetos que sejam bons para ambas as partes&rdquo;, disse ele.<\/p>\n<p> No evento foi apresentado tamb&eacute;m um projeto de coopera&ccedil;&atilde;o e alian&ccedil;a da Abepec com a Ancine e a Secretaria do Audiovisual do Minist&eacute;rio da Cultura para a exibi&ccedil;&atilde;o de filmes brasileiros de longa-metragem nas emissoras p&uacute;blicas do pa&iacute;s.<\/p>\n<p> O encontro terminou com o lan&ccedil;amento do novo transmissor da TV Cultura do Par&aacute; (Funtelpa) que tem 44 quilowatts de pot&ecirc;ncia, atingir&aacute; toda a regi&atilde;o metropolitana de Bel&eacute;m e teve um investimento de cerca de R$ 5 milh&otilde;es. O evento teve a presen&ccedil;a da governadora Ana J&uacute;lia Carepa e um show da cantora Lia Sophia, transmitido ao vivo pela TV, r&aacute;dio e Portal Cultura. A TV Cultura do Par&aacute; iniciou uma grande expans&atilde;o de seu sinal e j&aacute; inaugurou 21 novos retransmissores no Estado.<\/p>\n<p> O pr&oacute;ximo encontro da entidade deve acontecer em novembro, em Santa Catarina.<\/span><\/p>\n","protected":false},"excerpt":{"rendered":"<p>Terminou na &uacute;ltima sexta-feira, em Bel&eacute;m, o XXVII Encontro Nacional da Abepec que reuniu dirigentes de 20 emissoras p&uacute;blicas do Brasil e aprovou a defini&ccedil;&atilde;o de que a entidade ir&aacute; se movimentar para produzir o II F&oacute;rum Nacional de TVs P&uacute;blicas. A entidade aprovou tamb&eacute;m a produ&ccedil;&atilde;o de mo&ccedil;&otilde;es de apoio &agrave; realiza&ccedil;&atilde;o da Confer&ecirc;ncia &hellip; <a href=\"https:\/\/obscom.intervozes.org.br\/?p=21620\" class=\"more-link\">Continue lendo <span class=\"screen-reader-text\">Abepec buscar\u00e1 realiza\u00e7\u00e3o do II F\u00f3rum Nacional de TVs P\u00fablicas<\/span> <span class=\"meta-nav\">&rarr;<\/span><\/a><\/p>\n","protected":false},"author":1,"featured_media":0,"comment_status":"open","ping_status":"open","sticky":false,"template":"","format":"standard","meta":{"footnotes":""},"categories":[40],"tags":[830],"_links":{"self":[{"href":"https:\/\/obscom.intervozes.org.br\/index.php?rest_route=\/wp\/v2\/posts\/21620"}],"collection":[{"href":"https:\/\/obscom.intervozes.org.br\/index.php?rest_route=\/wp\/v2\/posts"}],"about":[{"href":"https:\/\/obscom.intervozes.org.br\/index.php?rest_route=\/wp\/v2\/types\/post"}],"author":[{"embeddable":true,"href":"https:\/\/obscom.intervozes.org.br\/index.php?rest_route=\/wp\/v2\/users\/1"}],"replies":[{"embeddable":true,"href":"https:\/\/obscom.intervozes.org.br\/index.php?rest_route=%2Fwp%2Fv2%2Fcomments&post=21620"}],"version-history":[{"count":0,"href":"https:\/\/obscom.intervozes.org.br\/index.php?rest_route=\/wp\/v2\/posts\/21620\/revisions"}],"wp:attachment":[{"href":"https:\/\/obscom.intervozes.org.br\/index.php?rest_route=%2Fwp%2Fv2%2Fmedia&parent=21620"}],"wp:term":[{"taxonomy":"category","embeddable":true,"href":"https:\/\/obscom.intervozes.org.br\/index.php?rest_route=%2Fwp%2Fv2%2Fcategories&post=21620"},{"taxonomy":"post_tag","embeddable":true,"href":"https:\/\/obscom.intervozes.org.br\/index.php?rest_route=%2Fwp%2Fv2%2Ftags&post=21620"}],"curies":[{"name":"wp","href":"https:\/\/api.w.org\/{rel}","templated":true}]}}