{"id":21612,"date":"2008-08-01T19:29:45","date_gmt":"2008-08-01T19:29:45","guid":{"rendered":"https:\/\/obscom.intervozes.org.br\/wordpress\/?p=21612"},"modified":"2008-08-01T19:29:45","modified_gmt":"2008-08-01T19:29:45","slug":"manifestacoes-do-conselho-consultivo-sao-criticas-ao-pgo","status":"publish","type":"post","link":"https:\/\/obscom.intervozes.org.br\/?p=21612","title":{"rendered":"Manifesta\u00e7\u00f5es do Conselho Consultivo s\u00e3o cr\u00edticas ao PGO"},"content":{"rendered":"<p>   \t \t \t \t \t \t \t<!-- \t\t@page { margin: 2cm } \t\tP { margin-bottom: 0.21cm } \t--> \t      <\/p>\n<p style=\"margin-bottom: 0cm\" class=\"western\">O relator do Plano Geral de Outorgas (PGO) no Conselho Consultivo da Ag&ecirc;ncia Nacional de Telecomunica&ccedil;&otilde;es (Anatel), conselheiro Walter Faiad Moura, manifestou-se durante a audi&ecirc;ncia realizada no conselho nesta sexta (1\/8) e enfocou, em sua curta manifesta&ccedil;&atilde;o durante o debate, a necessidade de que a preocupa&ccedil;&atilde;o da reforma do PGO e das eventuais fus&otilde;es entre as empresas que decorrer&atilde;o da mudan&ccedil;a estejam focadas no interesse do consumidor. De uma certa maneira, sem ser incisivo, Faiad colocou-se de forma simp&aacute;tica &agrave; coloca&ccedil;&atilde;o de contrapartidas em rela&ccedil;&atilde;o &agrave; fus&atilde;o ao indagar o presidente da Associa&ccedil;&atilde;o Brasileira de Concession&aacute;rias de Telefonia Fixa Comutada (Abrafix), Jos&eacute; Fernandes Pauletti, justamente sobre quais seriam estas contrapartidas. <\/p>\n<p>A conselheira Fl&aacute;via Lef&egrave;vre voltou a atacar a pressa na discuss&atilde;o e apontou para um paradoxo: &quot;em 1998 os que hoje est&atilde;o no governo criticaram a pressa e o rolo compressor das privatiza&ccedil;&otilde;es, e agora est&atilde;o fazendo exatamente a mesma coisa. Diante disso, temos que exigir contrapartidas&quot;. Ela voltou a criticar a falta de racionalidade no processo, que muda o PGO antes de implementar o PGR e de fazer as mudan&ccedil;as legais necess&aacute;rias. J&aacute; o conselheiro Jos&eacute; Zunga questionou o modelo de audi&ecirc;ncias p&uacute;blicas adotado pela Anatel, &quot;em que a Anatel mais fala do que ouve&quot;. Para o conselheiro Israel Bayma, a quest&atilde;o central ainda &eacute; a quest&atilde;o da renda. &quot;&Eacute; importante que se pensem em pol&iacute;ticas para levar o unbundling e a competi&ccedil;&atilde;o em regi&otilde;es de baixo interesse econ&ocirc;mico&quot;.<\/p>\n<p><strong>Minicom quer pre&ccedil;os menores<\/strong><\/p>\n<p>O representante do Minist&eacute;rio das Comunica&ccedil;&otilde;es no conselho consultivo, Igor Villas Boas, foi duro com a Abrafix ao dizer que, ao contr&aacute;rio do que colocou a entidade, os pre&ccedil;os praticados no Brasil s&atilde;o baratos e adequados. &quot;H&aacute; claramente um n&iacute;vel de pre&ccedil;os inadequados e a raz&atilde;o disso est&aacute; sendo estudada pelo Minicom&quot;, disse o conselheiro. Mas ele tamb&eacute;m criticou, indiretamente, as entidades que atacam o processo de mudan&ccedil;a na regulamenta&ccedil;&atilde;o. &quot;A fus&atilde;o &eacute; algo pontual nessa hist&oacute;ria toda. Ela n&atilde;o pode ser colocada no centro do processo&quot;. <\/p>\n<p>Ele lembrou que a an&aacute;lise das mudan&ccedil;as est&aacute; apenas come&ccedil;ando, que ainda falta a compila&ccedil;&atilde;o dos dados da consulta p&uacute;blica, a manifesta&ccedil;&atilde;o do conselho consultivo, a an&aacute;lise do Minicom e da presid&ecirc;ncia da Rep&uacute;blica e a manifesta&ccedil;&atilde;o dos &oacute;rg&atilde;os de defesa do consumidor, no caso da fus&atilde;o. Mas, no fim, concordou com a maior parte das manifesta&ccedil;&otilde;es colocadas: &quot;a falta de competi&ccedil;&atilde;o colocada pela Abrafix se d&aacute; pela dificuldade de acesso &agrave;s redes. Por isso interconex&atilde;o, revenda, unbundling s&atilde;o coisas importantes nesse processo&quot;. <\/p>\n<p>A manifesta&ccedil;&atilde;o mais alinhada &agrave; posi&ccedil;&atilde;o da Abrafix curiosamente veio do ouvidor da Anatel, Nilberto Miranda. &quot;Acho que a gente tem que se perguntar quem se beneficia da fus&atilde;o, mas tamb&eacute;m temos que nos perguntar quem se beneficia da n&atilde;o fus&atilde;o&quot;, ponderou. <\/p>\n<p>N&atilde;o participaram da reuni&atilde;o do conselho consultivo Em&iacute;lia Ribeiro (representante do Senado e indicada para ser integrante do conselho diretor da ag&ecirc;ncia) e Marcelo Bechara, consultor jur&iacute;dico do Minist&eacute;rio das Comunica&ccedil;&otilde;es.<\/p>\n","protected":false},"excerpt":{"rendered":"<p>O relator do Plano Geral de Outorgas (PGO) no Conselho Consultivo da Ag&ecirc;ncia Nacional de Telecomunica&ccedil;&otilde;es (Anatel), conselheiro Walter Faiad Moura, manifestou-se durante a audi&ecirc;ncia realizada no conselho nesta sexta (1\/8) e enfocou, em sua curta manifesta&ccedil;&atilde;o durante o debate, a necessidade de que a preocupa&ccedil;&atilde;o da reforma do PGO e das eventuais fus&otilde;es entre &hellip; <a href=\"https:\/\/obscom.intervozes.org.br\/?p=21612\" class=\"more-link\">Continue lendo <span class=\"screen-reader-text\">Manifesta\u00e7\u00f5es do Conselho Consultivo s\u00e3o cr\u00edticas ao PGO<\/span> <span class=\"meta-nav\">&rarr;<\/span><\/a><\/p>\n","protected":false},"author":1,"featured_media":0,"comment_status":"open","ping_status":"open","sticky":false,"template":"","format":"standard","meta":{"footnotes":""},"categories":[40],"tags":[804],"_links":{"self":[{"href":"https:\/\/obscom.intervozes.org.br\/index.php?rest_route=\/wp\/v2\/posts\/21612"}],"collection":[{"href":"https:\/\/obscom.intervozes.org.br\/index.php?rest_route=\/wp\/v2\/posts"}],"about":[{"href":"https:\/\/obscom.intervozes.org.br\/index.php?rest_route=\/wp\/v2\/types\/post"}],"author":[{"embeddable":true,"href":"https:\/\/obscom.intervozes.org.br\/index.php?rest_route=\/wp\/v2\/users\/1"}],"replies":[{"embeddable":true,"href":"https:\/\/obscom.intervozes.org.br\/index.php?rest_route=%2Fwp%2Fv2%2Fcomments&post=21612"}],"version-history":[{"count":0,"href":"https:\/\/obscom.intervozes.org.br\/index.php?rest_route=\/wp\/v2\/posts\/21612\/revisions"}],"wp:attachment":[{"href":"https:\/\/obscom.intervozes.org.br\/index.php?rest_route=%2Fwp%2Fv2%2Fmedia&parent=21612"}],"wp:term":[{"taxonomy":"category","embeddable":true,"href":"https:\/\/obscom.intervozes.org.br\/index.php?rest_route=%2Fwp%2Fv2%2Fcategories&post=21612"},{"taxonomy":"post_tag","embeddable":true,"href":"https:\/\/obscom.intervozes.org.br\/index.php?rest_route=%2Fwp%2Fv2%2Ftags&post=21612"}],"curies":[{"name":"wp","href":"https:\/\/api.w.org\/{rel}","templated":true}]}}