{"id":21607,"date":"2008-08-01T18:18:00","date_gmt":"2008-08-01T18:18:00","guid":{"rendered":"https:\/\/obscom.intervozes.org.br\/wordpress\/?p=21607"},"modified":"2008-08-01T18:18:00","modified_gmt":"2008-08-01T18:18:00","slug":"politica-cultural-de-gil-sera-mantida-com-juca-ferreira","status":"publish","type":"post","link":"https:\/\/obscom.intervozes.org.br\/?p=21607","title":{"rendered":"Pol\u00edtica cultural de Gil ser\u00e1 mantida com Juca Ferreira"},"content":{"rendered":"<p>   \t \t \t \t \t \t \t<!-- \t\t@page { margin: 2cm } \t\tP { margin-bottom: 0.21cm } \t--> \t         <\/p>\n<p style=\"margin-bottom: 0cm\" class=\"western\">A not&iacute;cia da sa&iacute;da do ministro Gilberto Gil do Minist&eacute;rio da Cultura, anunciada nesta quarta-feira (30\/7), foi recebida com tristeza por grande parte dos integrantes do campo cultural. A decis&atilde;o de Gil gerou preocupa&ccedil;&atilde;o com o destino da pasta, que poderia perder a sustenta&ccedil;&atilde;o que a figura p&uacute;blica do cantor garantia, mas o Presidente da Rep&uacute;blica indicou que a pol&iacute;tica dever&aacute; ser mantida e que o escolhido para dar continuidade ao projeto ser&aacute; o ex secret&aacute;rio-executivo do &oacute;rg&atilde;o e atual ministro interino, Juca Ferreira.<\/p>\n<p>A entrada de Gilberto Gil no primeiro governo Lula foi cercada de descr&eacute;dito. Seu &ecirc;xito na carreira art&iacute;stica n&atilde;o era acompanhado pela sua experi&ecirc;ncia como gestor p&uacute;blico. No entanto, sob seu comando a equipe do MinC surpreendeu e protagonizou alguns dos epis&oacute;dios mais ousados do governo. <\/p>\n<p>Em casos como o da proposta de cria&ccedil;&atilde;o de uma Ag&ecirc;ncia Nacional do Audiovisual (Ancinav) para regular e fomentar a atividade a partir da taxa&ccedil;&atilde;o de exibidores de cinema e da radiodifus&atilde;o privada, a afronta ao status quo foi tamanha que a iniciativa foi abatida sem sequer ter sido enviado ao Congresso. <\/p>\n<p>Na sua gest&atilde;o, o minist&eacute;rio tamb&eacute;m tomou medidas de regionaliza&ccedil;&atilde;o da destina&ccedil;&atilde;o das verbas de fomento. Mesmo sob cr&iacute;ticas, o MinC conseguiu alterar o desequil&iacute;brio favor&aacute;vel ao eixo Rio-S&atilde;o Paulo na aplica&ccedil;&atilde;o de verbas para produ&ccedil;&atilde;o cultural.<\/p>\n<p>Por estas e por outras a&ccedil;&otilde;es &eacute; que o pedido de demiss&atilde;o de Gilberto Gil para se dedicar exclusivamente &agrave; sua carreira foi saudado com lamentos. &ldquo;Vamos sentir falta dele. Gil trabalhou para a constru&ccedil;&atilde;o de uma identidade nacional feita com as diferen&ccedil;as. Ele soube buscar recursos, mediar os interesses dos autores e realizadores&rdquo;, diz Paulo Rufino, presidente do Congresso Brasileiro de Cinema. <\/p>\n<p>&ldquo;A sa&iacute;da do ministro s&oacute; nos entristece. A presen&ccedil;a p&uacute;blica do Gil na sociedade brasileira com sua contribui&ccedil;&atilde;o cultural &eacute; imensa e sua presen&ccedil;a no governo era emblem&aacute;tica&rdquo;, avalia o deputado &Acirc;ngelo Vanhoni (PT-PR), que tem atua&ccedil;&atilde;o voltada ao tema na Comiss&atilde;o de Educa&ccedil;&atilde;o e Cultura da C&acirc;mara. A preocupa&ccedil;&atilde;o agora, aponta Vanhoni, &eacute; com a manuten&ccedil;&atilde;o das a&ccedil;&otilde;es que j&aacute; estavam estabelecidas e com a implanta&ccedil;&atilde;o daquelas que est&atilde;o em discuss&atilde;o. <\/p>\n<p>No primeiro caso, est&atilde;o os Pontos de Cultura, programa que vem tendo boa aceita&ccedil;&atilde;o por destinar infra-estrutura de produ&ccedil;&atilde;o e distribui&ccedil;&atilde;o a coletivos de todo o pa&iacute;s para que estes possam potencializar as manifesta&ccedil;&otilde;es culturais dentro das comunidades. No segundo caso, figuram principalmente projetos como o Mais Cultura, megaprograma que re&uacute;ne v&aacute;rias a&ccedil;&otilde;es da pasta lan&ccedil;ado com a promessa de investir R$ 4,5 bilh&otilde;es at&eacute; 2010, e a proposta de revis&atilde;o do sistema de financiamento calcado nas leis de incentivo (Lei Rouanet e Lei do Audiovisual). <\/p>\n<p>A quest&atilde;o dos recursos esteve nas recentes cr&iacute;ticas proferidas ao Minist&eacute;rio da Cultura, acusado de executar pouco seu j&aacute; pequeno or&ccedil;amento. &Oacute;rg&atilde;os de imprensa e a oposi&ccedil;&atilde;o vinham ligando o fato &agrave; aus&ecirc;ncia do titular da pasta, que, al&eacute;m de f&eacute;rias, licenciou-se duas vezes para atender seus compromissos de m&uacute;sico fora da capital federal e, em alguns casos, do pa&iacute;s. No segundo semestre, o ex-ministro tiraria novo per&iacute;odo para uma nova turn&ecirc;, o que poderia abrir ainda mais o flanco para questionamentos. <\/p>\n<p>Al&eacute;m do desgaste espec&iacute;fico da figura de Gilberto Gil para o p&uacute;blico em geral, uma vez que no setor ele gozava de ampla aceita&ccedil;&atilde;o, temia-se que o ataque ao MinC atingisse a principal meta da pol&iacute;tica da pasta para o pr&oacute;ximo per&iacute;odo: reorganizar o sistema de financiamento da cultura a partir da aprova&ccedil;&atilde;o da Emenda Constitucional que obriga a destina&ccedil;&atilde;o de 2% do Or&ccedil;amento Geral da Uni&atilde;o para a &aacute;rea. A medida seria um salto qualitativo importante para um dos endere&ccedil;os mais desprestigiados financeiramente da Esplanada dos Minist&eacute;rios. O MinC conta, hoje, com recursos na casa de apenas 0,6% do Produto Interno Bruto. &ldquo;A aprova&ccedil;&atilde;o da emenda significaria s&oacute; para or&ccedil;amento federal acr&eacute;scimo de R$ 2 bilh&otilde;es&rdquo;, ap&oacute;ia &Acirc;ngelo Vanhoni. <\/p>\n<p><strong>Juca no comando<\/p>\n<p><\/strong>Para manter o projeto e ampliar o espa&ccedil;o institucional da cultura, a escolha do presidente Luis In&aacute;cio Lula da Silva foi declarar ministro-interino o secret&aacute;rio-executivo de Gil, Juca Ferreira, sinalizando a futura efetiva&ccedil;&atilde;o no cargo. &ldquo;O presidente Lula quer a continuidade deste trabalho porque acredita nas pol&iacute;ticas p&uacute;blicas conduzidas pelo Minist&eacute;rio da Cultura&rdquo;, disse Ferreira em entrevista dada ao jornal Correio da Bahia. <\/p>\n<p>O n&uacute;mero dois de Gil j&aacute; vinha se comportando como mais do que um bra&ccedil;o direito. Com a reelei&ccedil;&atilde;o de Lula, Gil renovou sua estada na esplanada sob a condi&ccedil;&atilde;o de que pudesse ter mais liberdade para conciliar demandas de sua carreira art&iacute;stica. Com o aval de Lula, o ministro veio delegando responsabilidades cada vez maiores a Ferreira. <\/p>\n<p>&ldquo;Juca Ferreira est&aacute; preparad&iacute;ssimo para exercer o cargo da ministro, mas ele precisa dos instrumentos indispens&aacute;veis ao desenvolvimento da cultura brasileira. O problema &eacute; mais de verba do que de verbo&rdquo;, defendeu o presidente da Academia Brasileira de Letras, C&iacute;cero Sandroni, fazendo refer&ecirc;ncia ao desafio do aumento de recursos para a &aacute;rea. &ldquo;Acho que secret&aacute;rio Juca Ferreira est&aacute; preparado para conduzir o minist&eacute;rio. Conhece todas as pol&iacute;ticas que est&atilde;o sendo desenvolvidas e &eacute; um nome com todas as credenciais para dar continuidade ao atual trabalho do minist&eacute;rio&rdquo;, endossa o deputado &Acirc;ngelo Vanhoni.<\/p>\n","protected":false},"excerpt":{"rendered":"<p>Representantes do setor cultural lamentam a sa\u00edda de Gilberto Gil, que, \u00e0 frente do MinC, teria comprado brigas importantes e simb\u00f3licas dentro do governo; Ferreira assume como interino e pode ser efetivado<\/p>\n","protected":false},"author":1,"featured_media":0,"comment_status":"open","ping_status":"open","sticky":false,"template":"","format":"standard","meta":{"footnotes":""},"categories":[40],"tags":[530],"_links":{"self":[{"href":"https:\/\/obscom.intervozes.org.br\/index.php?rest_route=\/wp\/v2\/posts\/21607"}],"collection":[{"href":"https:\/\/obscom.intervozes.org.br\/index.php?rest_route=\/wp\/v2\/posts"}],"about":[{"href":"https:\/\/obscom.intervozes.org.br\/index.php?rest_route=\/wp\/v2\/types\/post"}],"author":[{"embeddable":true,"href":"https:\/\/obscom.intervozes.org.br\/index.php?rest_route=\/wp\/v2\/users\/1"}],"replies":[{"embeddable":true,"href":"https:\/\/obscom.intervozes.org.br\/index.php?rest_route=%2Fwp%2Fv2%2Fcomments&post=21607"}],"version-history":[{"count":0,"href":"https:\/\/obscom.intervozes.org.br\/index.php?rest_route=\/wp\/v2\/posts\/21607\/revisions"}],"wp:attachment":[{"href":"https:\/\/obscom.intervozes.org.br\/index.php?rest_route=%2Fwp%2Fv2%2Fmedia&parent=21607"}],"wp:term":[{"taxonomy":"category","embeddable":true,"href":"https:\/\/obscom.intervozes.org.br\/index.php?rest_route=%2Fwp%2Fv2%2Fcategories&post=21607"},{"taxonomy":"post_tag","embeddable":true,"href":"https:\/\/obscom.intervozes.org.br\/index.php?rest_route=%2Fwp%2Fv2%2Ftags&post=21607"}],"curies":[{"name":"wp","href":"https:\/\/api.w.org\/{rel}","templated":true}]}}