{"id":21603,"date":"2008-07-31T19:52:54","date_gmt":"2008-07-31T19:52:54","guid":{"rendered":"https:\/\/obscom.intervozes.org.br\/wordpress\/?p=21603"},"modified":"2008-07-31T19:52:54","modified_gmt":"2008-07-31T19:52:54","slug":"emissoras-de-tv-tem-90-dias-para-implantar-audio-descricao","status":"publish","type":"post","link":"https:\/\/obscom.intervozes.org.br\/?p=21603","title":{"rendered":"Emissoras de TV tem 90 dias para implantar \u00e1udio-descri\u00e7\u00e3o"},"content":{"rendered":"<p>   \t \t \t \t \t \t \t<!-- \t\t@page { margin: 2cm } \t\tP { margin-bottom: 0.21cm } \t--> \t  <\/p>\n<p style=\"margin-bottom: 0cm\" class=\"western\"><u><strong>Reproduzido do TelaViva News<\/strong><\/u><\/p>\n<p>O Minist&eacute;rio das Comunica&ccedil;&otilde;es publicou no Di&aacute;rio Oficial da Uni&atilde;o desta quinta (31\/7) portaria regulamentando a implementa&ccedil;&atilde;o dos mecanismos de acessibilidade &agrave;s pessoas com defici&ecirc;ncia sensorial e com dificuldade de comunica&ccedil;&atilde;o. A portaria 466 estabelece o prazo de 90 dias para que geradoras e retransmissoras de televis&atilde;o passem a veicular o recurso da &aacute;udio-descri&ccedil;&atilde;o, destinado a pessoas com defici&ecirc;ncias na vis&atilde;o. Trata-se de uma locu&ccedil;&atilde;o inclu&iacute;da no programa ou filme onde s&atilde;o descritas imagens, textos e demais informa&ccedil;&otilde;es que n&atilde;o podem ser percebidas ou compreendidas pelas pessoas com defici&ecirc;ncia visual.<\/p>\n<p>H&aacute; um m&ecirc;s o Minicom adiou a entrada em vigor das regras de acessibilidade, estabelecendo que um novo cronograma fosse apresentado em 30 dias. O adiamento foi um requerimento apresentado da Abert (Associa&ccedil;&atilde;o Brasileira de Emissoras de R&aacute;dio e Televis&atilde;o), que alegava n&atilde;o haver quantidade suficiente de profissionais especializados na produ&ccedil;&atilde;o do recurso de &aacute;udio-descri&ccedil;&atilde;o. Para resolver a quest&atilde;o, Minist&eacute;rio das Comunica&ccedil;&otilde;es promoveu neste m&ecirc;s de julho reuni&atilde;o com representantes do setor de radiodifus&atilde;o, do setor de produ&ccedil;&atilde;o de &aacute;udio-descri&ccedil;&atilde;o, do Comit&ecirc; Brasileiro de Acessibilidade e da Uni&atilde;o Brasileira de Cegos. Na reuni&atilde;o, segundo a portaria do Minicom, representantes dos setores garantiram que a demanda requerida pelos radiodifusores poderia ser atendida dentro do prazo de tr&ecirc;s meses, com a forma&ccedil;&atilde;o de, aproximadamente, 160 profissionais. <\/p>\n","protected":false},"excerpt":{"rendered":"<p>Reproduzido do TelaViva News O Minist&eacute;rio das Comunica&ccedil;&otilde;es publicou no Di&aacute;rio Oficial da Uni&atilde;o desta quinta (31\/7) portaria regulamentando a implementa&ccedil;&atilde;o dos mecanismos de acessibilidade &agrave;s pessoas com defici&ecirc;ncia sensorial e com dificuldade de comunica&ccedil;&atilde;o. A portaria 466 estabelece o prazo de 90 dias para que geradoras e retransmissoras de televis&atilde;o passem a veicular o &hellip; <a href=\"https:\/\/obscom.intervozes.org.br\/?p=21603\" class=\"more-link\">Continue lendo <span class=\"screen-reader-text\">Emissoras de TV tem 90 dias para implantar \u00e1udio-descri\u00e7\u00e3o<\/span> <span class=\"meta-nav\">&rarr;<\/span><\/a><\/p>\n","protected":false},"author":1,"featured_media":0,"comment_status":"open","ping_status":"open","sticky":false,"template":"","format":"standard","meta":{"footnotes":""},"categories":[39],"tags":[],"_links":{"self":[{"href":"https:\/\/obscom.intervozes.org.br\/index.php?rest_route=\/wp\/v2\/posts\/21603"}],"collection":[{"href":"https:\/\/obscom.intervozes.org.br\/index.php?rest_route=\/wp\/v2\/posts"}],"about":[{"href":"https:\/\/obscom.intervozes.org.br\/index.php?rest_route=\/wp\/v2\/types\/post"}],"author":[{"embeddable":true,"href":"https:\/\/obscom.intervozes.org.br\/index.php?rest_route=\/wp\/v2\/users\/1"}],"replies":[{"embeddable":true,"href":"https:\/\/obscom.intervozes.org.br\/index.php?rest_route=%2Fwp%2Fv2%2Fcomments&post=21603"}],"version-history":[{"count":0,"href":"https:\/\/obscom.intervozes.org.br\/index.php?rest_route=\/wp\/v2\/posts\/21603\/revisions"}],"wp:attachment":[{"href":"https:\/\/obscom.intervozes.org.br\/index.php?rest_route=%2Fwp%2Fv2%2Fmedia&parent=21603"}],"wp:term":[{"taxonomy":"category","embeddable":true,"href":"https:\/\/obscom.intervozes.org.br\/index.php?rest_route=%2Fwp%2Fv2%2Fcategories&post=21603"},{"taxonomy":"post_tag","embeddable":true,"href":"https:\/\/obscom.intervozes.org.br\/index.php?rest_route=%2Fwp%2Fv2%2Ftags&post=21603"}],"curies":[{"name":"wp","href":"https:\/\/api.w.org\/{rel}","templated":true}]}}