{"id":21596,"date":"2008-07-30T18:38:48","date_gmt":"2008-07-30T18:38:48","guid":{"rendered":"https:\/\/obscom.intervozes.org.br\/wordpress\/?p=21596"},"modified":"2008-07-30T18:38:48","modified_gmt":"2008-07-30T18:38:48","slug":"teles-admitem-que-ha-pouca-competicao-na-telefonia-fixa","status":"publish","type":"post","link":"https:\/\/obscom.intervozes.org.br\/?p=21596","title":{"rendered":"Teles admitem que h\u00e1 pouca competi\u00e7\u00e3o na telefonia fixa"},"content":{"rendered":"<p><span class=\"padrao\">No pedido de aprova&ccedil;&atilde;o da  compra da Brasil Telecom pela  Oi, encaminhado &agrave; Secretaria  de Direito Econ&ocirc;mico (do Minist&eacute;rio da Justi&ccedil;a), as duas teles admitem que a privatiza&ccedil;&atilde;o  da telefonia n&atilde;o criou concorr&ecirc;ncia entre as concession&aacute;rias  do servi&ccedil;o telef&ocirc;nico fixo local,  conforme previa o modelo,  aprovado no primeiro governo  do presidente Fernando Henrique Cardoso (1995-98).<\/p>\n<p>&quot;Passados dez anos de implementa&ccedil;&atilde;o do modelo, v&ecirc;-se que  a expectativa de entrada de incumbentes [concession&aacute;rias]  fora de sua &aacute;rea de concess&atilde;o  foi superestimada&quot;, diz o texto,  ao qual a Folha teve acesso.<br \/> O modelo de privatiza&ccedil;&atilde;o  previa que as teles fixas se expandiriam para fora de suas  &aacute;reas de concess&atilde;o, competindo umas com as outras, ap&oacute;s  cumprirem as metas de expans&atilde;o de dezembro de 2003. Como contrapartida pelo cumprimento das metas, as empresas  puderam oferecer telefonia de  longa dist&acirc;ncia, telefonia celular e entrar em telefonia fixa  em todo o pa&iacute;s. As duas primeiras foram implementadas. A  terceira, n&atilde;o.<\/p>\n<p>Segundo o documento da  BrT e da Oi, a Oi s&oacute; tem cobertura em 56 munic&iacute;pios fora de  sua &aacute;rea de concess&atilde;o, a Telef&ocirc;nica, em 30, e a BrT, em apenas 16. O texto diz, claramente,  que nem a BrT nem a Oi tem  planos de oferecer telefonia fixa residencial fora de suas  &aacute;reas de concess&atilde;o.<\/p>\n<p>Ap&oacute;s a privatiza&ccedil;&atilde;o da Telebr&aacute;s, em 1998, as concession&aacute;rias tiveram dois anos de reserva de mercado, sem a entrada  de novos competidores, para  investirem na expans&atilde;o das redes. Em 2000, entraram no  mercado as empresas-espelhos: V&eacute;sper e GVT, para concorrer com a Telef&ocirc;nica, Brasil  Telecom e Oi, e a Intelig, para  concorrer com a Embratel. Depois, foram autorizadas as espelhinhos, para competir com  as concession&aacute;rias e com as espelhos.<\/p>\n<p>A falta de competi&ccedil;&atilde;o entre  teles, por ironia, &eacute; apresentada  como argumento para justificar que uma operadora, no caso  a Oi, amplie sua &aacute;rea de concess&atilde;o, ao absorver a BrT.<\/p>\n<p>De acordo com o documento  enviado &agrave; Secretaria de Direito  Econ&ocirc;mico, a id&eacute;ia de que as  concession&aacute;rias regionais se  constituiriam em importantes  rivais rec&iacute;procas, ap&oacute;s a transi&ccedil;&atilde;o, se baseava na premissa de  que elas seriam as candidatas  mais prov&aacute;veis a entrar nas  &aacute;reas umas das outras, e que  esse movimento disciplinaria,  pelo menos em parte, o mercado nacional.<\/p>\n<p>Para a BrT e para a Oi, a aus&ecirc;ncia de competi&ccedil;&atilde;o na telefonia fixa foi compensada pela  competi&ccedil;&atilde;o entre a telefonia fixa e a m&oacute;vel e por uma nova  disputa resultante da converg&ecirc;ncia das tecnologias.<strong><\/p>\n<p>Contesta&ccedil;&atilde;o<\/strong><\/p>\n<p>O argumento da falta de  competi&ccedil;&atilde;o como justificativa  para a compra da Brasil Telecom pela Oi foi criticado pela  Embratel, em manifesta&ccedil;&atilde;o enviada &agrave; Seae (Secretaria de  Acompanhamento Econ&ocirc;mico), do Minist&eacute;rio da Fazenda.  Segundo a Embratel, a concorr&ecirc;ncia entre as teles fixas n&atilde;o  aconteceu porque cada uma se  concentrou em refor&ccedil;ar seu  monop&oacute;lio regional.<\/span>  <\/p>\n","protected":false},"excerpt":{"rendered":"<p>No pedido de aprova&ccedil;&atilde;o da compra da Brasil Telecom pela Oi, encaminhado &agrave; Secretaria de Direito Econ&ocirc;mico (do Minist&eacute;rio da Justi&ccedil;a), as duas teles admitem que a privatiza&ccedil;&atilde;o da telefonia n&atilde;o criou concorr&ecirc;ncia entre as concession&aacute;rias do servi&ccedil;o telef&ocirc;nico fixo local, conforme previa o modelo, aprovado no primeiro governo do presidente Fernando Henrique Cardoso (1995-98). &hellip; <a href=\"https:\/\/obscom.intervozes.org.br\/?p=21596\" class=\"more-link\">Continue lendo <span class=\"screen-reader-text\">Teles admitem que h\u00e1 pouca competi\u00e7\u00e3o na telefonia fixa<\/span> <span class=\"meta-nav\">&rarr;<\/span><\/a><\/p>\n","protected":false},"author":1,"featured_media":0,"comment_status":"open","ping_status":"open","sticky":false,"template":"","format":"standard","meta":{"footnotes":""},"categories":[40],"tags":[731],"_links":{"self":[{"href":"https:\/\/obscom.intervozes.org.br\/index.php?rest_route=\/wp\/v2\/posts\/21596"}],"collection":[{"href":"https:\/\/obscom.intervozes.org.br\/index.php?rest_route=\/wp\/v2\/posts"}],"about":[{"href":"https:\/\/obscom.intervozes.org.br\/index.php?rest_route=\/wp\/v2\/types\/post"}],"author":[{"embeddable":true,"href":"https:\/\/obscom.intervozes.org.br\/index.php?rest_route=\/wp\/v2\/users\/1"}],"replies":[{"embeddable":true,"href":"https:\/\/obscom.intervozes.org.br\/index.php?rest_route=%2Fwp%2Fv2%2Fcomments&post=21596"}],"version-history":[{"count":0,"href":"https:\/\/obscom.intervozes.org.br\/index.php?rest_route=\/wp\/v2\/posts\/21596\/revisions"}],"wp:attachment":[{"href":"https:\/\/obscom.intervozes.org.br\/index.php?rest_route=%2Fwp%2Fv2%2Fmedia&parent=21596"}],"wp:term":[{"taxonomy":"category","embeddable":true,"href":"https:\/\/obscom.intervozes.org.br\/index.php?rest_route=%2Fwp%2Fv2%2Fcategories&post=21596"},{"taxonomy":"post_tag","embeddable":true,"href":"https:\/\/obscom.intervozes.org.br\/index.php?rest_route=%2Fwp%2Fv2%2Ftags&post=21596"}],"curies":[{"name":"wp","href":"https:\/\/api.w.org\/{rel}","templated":true}]}}