{"id":21587,"date":"2008-07-29T14:48:24","date_gmt":"2008-07-29T14:48:24","guid":{"rendered":"https:\/\/obscom.intervozes.org.br\/wordpress\/?p=21587"},"modified":"2008-07-29T14:48:24","modified_gmt":"2008-07-29T14:48:24","slug":"justica-federal-do-para-determina-que-radio-comunitaria-nao-e-crime","status":"publish","type":"post","link":"https:\/\/obscom.intervozes.org.br\/?p=21587","title":{"rendered":"Justi\u00e7a Federal do Par\u00e1 determina que r\u00e1dio comunit\u00e1ria n\u00e3o \u00e9 crime"},"content":{"rendered":"<p>   \t \t \t \t \t \t \t<!-- \t\t@page { margin: 2cm } \t\tP { margin-bottom: 0.21cm } \t--> <\/p>\n<p style=\"margin-bottom: 0cm\" class=\"western\"><span class=\"padrao\">A Justi&ccedil;a Federal do Par&aacute; absolveu o comunicador Marcos Paulo Sousa Soeiro, da emissora comunit&aacute;ria R&aacute;dio Par&aacute; FM, de Ananindeua, por considerar que a manuten&ccedil;&atilde;o de r&aacute;dios comunit&aacute;rias de baixa pot&ecirc;ncia &ldquo;n&atilde;o constitui infra&ccedil;&atilde;o penal&rdquo;. <\/p>\n<p>Na defini&ccedil;&atilde;o do caso, o juiz Leonardo Aguiar aplicou o princ&iacute;pio da &ldquo;insignific&acirc;ncia&rdquo;. Em termos jur&iacute;dicos, este princ&iacute;pio estabelece que o Estado n&atilde;o deve se ocupar com a repress&atilde;o de crimes sem potencial ofensivo.<\/p>\n<p>O juiz considerou que a transmiss&atilde;o da R&aacute;dio Par&aacute;, feita com equipamentos caseiros com pot&ecirc;ncia de 25W, n&atilde;o acarreta &ldquo;les&atilde;o significativa&rdquo;. Com isso, reconheceu que h&aacute; um il&iacute;cito civil, mas n&atilde;o criminal.<\/p>\n<p>O caso estava sendo acompanhado pelo F&oacute;rum de Defesa das R&aacute;dios Comunit&aacute;rias.<\/span><\/p>\n","protected":false},"excerpt":{"rendered":"<p>A Justi&ccedil;a Federal do Par&aacute; absolveu o comunicador Marcos Paulo Sousa Soeiro, da emissora comunit&aacute;ria R&aacute;dio Par&aacute; FM, de Ananindeua, por considerar que a manuten&ccedil;&atilde;o de r&aacute;dios comunit&aacute;rias de baixa pot&ecirc;ncia &ldquo;n&atilde;o constitui infra&ccedil;&atilde;o penal&rdquo;. Na defini&ccedil;&atilde;o do caso, o juiz Leonardo Aguiar aplicou o princ&iacute;pio da &ldquo;insignific&acirc;ncia&rdquo;. Em termos jur&iacute;dicos, este princ&iacute;pio estabelece que &hellip; <a href=\"https:\/\/obscom.intervozes.org.br\/?p=21587\" class=\"more-link\">Continue lendo <span class=\"screen-reader-text\">Justi\u00e7a Federal do Par\u00e1 determina que r\u00e1dio comunit\u00e1ria n\u00e3o \u00e9 crime<\/span> <span class=\"meta-nav\">&rarr;<\/span><\/a><\/p>\n","protected":false},"author":1,"featured_media":0,"comment_status":"open","ping_status":"open","sticky":false,"template":"","format":"standard","meta":{"footnotes":""},"categories":[39],"tags":[],"_links":{"self":[{"href":"https:\/\/obscom.intervozes.org.br\/index.php?rest_route=\/wp\/v2\/posts\/21587"}],"collection":[{"href":"https:\/\/obscom.intervozes.org.br\/index.php?rest_route=\/wp\/v2\/posts"}],"about":[{"href":"https:\/\/obscom.intervozes.org.br\/index.php?rest_route=\/wp\/v2\/types\/post"}],"author":[{"embeddable":true,"href":"https:\/\/obscom.intervozes.org.br\/index.php?rest_route=\/wp\/v2\/users\/1"}],"replies":[{"embeddable":true,"href":"https:\/\/obscom.intervozes.org.br\/index.php?rest_route=%2Fwp%2Fv2%2Fcomments&post=21587"}],"version-history":[{"count":0,"href":"https:\/\/obscom.intervozes.org.br\/index.php?rest_route=\/wp\/v2\/posts\/21587\/revisions"}],"wp:attachment":[{"href":"https:\/\/obscom.intervozes.org.br\/index.php?rest_route=%2Fwp%2Fv2%2Fmedia&parent=21587"}],"wp:term":[{"taxonomy":"category","embeddable":true,"href":"https:\/\/obscom.intervozes.org.br\/index.php?rest_route=%2Fwp%2Fv2%2Fcategories&post=21587"},{"taxonomy":"post_tag","embeddable":true,"href":"https:\/\/obscom.intervozes.org.br\/index.php?rest_route=%2Fwp%2Fv2%2Ftags&post=21587"}],"curies":[{"name":"wp","href":"https:\/\/api.w.org\/{rel}","templated":true}]}}