{"id":21586,"date":"2008-07-29T11:30:59","date_gmt":"2008-07-29T11:30:59","guid":{"rendered":"https:\/\/obscom.intervozes.org.br\/wordpress\/?p=21586"},"modified":"2008-07-29T11:30:59","modified_gmt":"2008-07-29T11:30:59","slug":"regulacao-enfrenta-dura-oposicao-dentro-e-fora-do-congresso","status":"publish","type":"post","link":"https:\/\/obscom.intervozes.org.br\/?p=21586","title":{"rendered":"Regula\u00e7\u00e3o enfrenta dura oposi\u00e7\u00e3o dentro e fora do Congresso"},"content":{"rendered":"<p><span>Durante o m&ecirc;s de julho, os debates sobre a regula&ccedil;&atilde;o da publicidade ganharam um novo cen&aacute;rio legislativo. Uma das grandes novidades anunciadas no 4&ordm; Congresso Brasileiro de Publicidade foi a cria&ccedil;&atilde;o da Frente Parlamentar da Comunica&ccedil;&atilde;o Social. Apesar de o nome sugerir um espa&ccedil;o para a discuss&atilde;o ampla das quest&otilde;es da comunica&ccedil;&atilde;o, o grupo de 198 deputados federais e 38 senadores surge para defender os interesses do mercado publicit&aacute;rio, especialmente a bandeira da liberdade de express&atilde;o comercial.<\/p>\n<p> O n&uacute;mero expressivo de parlamentares reunidos na frente contrasta com os estimados 200 projetos de lei que tramitam no Congresso Nacional e que, de alguma forma, tentam estabelecer limites para a atividade publicit&aacute;ria. Se, de um lado, um grande n&uacute;mero de congressistas mostra-se preocupado em estabelecer limites para a publicidade e seus efeitos, esses deputados e senadores que assinam o documento de cria&ccedil;&atilde;o da nova frente parlamentar cr&ecirc;em, como os representantes do mercado publicit&aacute;rio, que os projetos s&atilde;o amea&ccedil;as potenciais &agrave; liberdade de express&atilde;o e criatividade publicit&aacute;rias. <\/p>\n<p> Para os defensores de uma regula&ccedil;&atilde;o mais atual para a publicidade, o grande n&uacute;mero de projetos representa uma preocupa&ccedil;&atilde;o leg&iacute;tima da sociedade brasileira com os efeitos da propaganda sobre os mais diversos setores. &quot;Esta n&atilde;o &eacute; uma preocupa&ccedil;&atilde;o do Brasil, mas do mundo inteiro&quot;, ressalta Maria Jos&eacute; Delgado, gerente de Monitoramento e Fiscaliza&ccedil;&atilde;o da Propaganda da Ag&ecirc;ncia Nacional de Vigil&acirc;ncia Sanit&aacute;ria (Anvisa). <\/p>\n<p> A a&ccedil;&atilde;o legislativa e tamb&eacute;m de governo, com medidas de monitoramento e fiscaliza&ccedil;&atilde;o, &eacute; totalmente justificada pela l&oacute;gica das pol&iacute;ticas p&uacute;blicas. &quot;Uma pol&iacute;tica p&uacute;blica &ndash; seja para evitar a intoxica&ccedil;&atilde;o por medicamento ou a obesidade &ndash; tem de dar conta de todos os fatores que incidem sobre aquele determinado problema&quot;, explica Maria Jos&eacute;. &quot;N&atilde;o vamos resolver nenhum deles apenas com a regulamenta&ccedil;&atilde;o da propaganda, mas um agente p&uacute;blico n&atilde;o pode ignorar o papel desempenhado da publicidade.&quot;<\/p>\n<p> <strong>Regular para proteger<\/strong><\/p>\n<p> A pr&oacute;pria Constitui&ccedil;&atilde;o reconhece que a publicidade precisa de limites quando se trata de proteger a sociedade de produtos potencialmente danosos. O Par&aacute;grafo 4 do Artigo 220 da Carta deixa claro que &quot;a propaganda comercial de tabaco, bebidas alco&oacute;licas, agrot&oacute;xicos, medicamentos e terapias estar&aacute; sujeita a restri&ccedil;&otilde;es legais&quot;.<\/p>\n<p> A leitura ao p&eacute; da letra pregada pelo presidente da Frente Parlamentar da Comunica&ccedil;&atilde;o Social, deputado Milton Monti (PR-SP), &eacute; de que apenas estes produtos poderiam ser alvo de regula&ccedil;&otilde;es. &quot;Os demais casos devem estar fora da regulamenta&ccedil;&atilde;o&quot;, avaliou Monti durante o congresso de publicidade.<\/p>\n<p> Para Maria Jos&eacute;, como para a advogada Isabella Henriques, coordenadora do projeto Crian&ccedil;a e Consumo do Instituto Alana, a prote&ccedil;&atilde;o dos direitos fundamentais e das popula&ccedil;&otilde;es vulner&aacute;veis justifica o estabelecimento de regras para outras pr&aacute;ticas publicit&aacute;rias. <\/p>\n<p> &quot;N&oacute;s n&atilde;o queremos proibir a publicidade. S&oacute; n&atilde;o queremos que ela seja dirigida para crian&ccedil;as de 0 a 12 anos&quot;, explica Isabella, comentando o projeto de lei, recentemente aprovado pela Comiss&atilde;o de Direitos do Consumidor (CDC) da C&acirc;mara dos Deputados, que veda a publicidade infantil. Neste caso, Isabella ressalta que a Constitui&ccedil;&atilde;o &quot;deixa claro que a prote&ccedil;&atilde;o da legisla&ccedil;&atilde;o deve ser direcionada &agrave; crian&ccedil;a e n&atilde;o ao interesse comercial privado&quot;.<\/p>\n<p> <strong>Dificuldades na tramita&ccedil;&atilde;o<\/strong><\/p>\n<p> O problema &eacute; que, para prevalecer esta compreens&atilde;o, &eacute; preciso superar um n&uacute;mero crescente de barreiras pol&iacute;ticas e burocr&aacute;ticas. O projeto sobre publicidade infantil, apresentado pelo deputado Luiz Carlos Hauly (XX-XX), demorou sete anos para ter o relat&oacute;rio da deputada Maria do Carmo Lara (PT-MG) aprovado na CDC. Com isso, o projeto deveria seguir para a Comiss&atilde;o de Constitui&ccedil;&atilde;o e Justi&ccedil;a e, depois, para o Plen&aacute;rio. Mas alguns deputados apresentaram requerimentos para que o projeto fosse apreciado por outras comiss&otilde;es, o que pode alongar ainda mais o tr&acirc;mite.<\/p>\n<p> &quot;H&aacute; uma resist&ecirc;ncia enorme em assumir uma postura de real regula&ccedil;&atilde;o dos meios de comunica&ccedil;&atilde;o&quot;, diagnostica o jornalista &Aacute;lvaro Nascimento, pesquisador da Funda&ccedil;&atilde;o Osvaldo Cruz (Fiocruz) e especialista em publicidade de medicamentos. &quot;&Eacute; como se fosse uma &aacute;rea proibida, intoc&aacute;vel.&quot; <\/p>\n<p> Nascimento diz que as dificuldades n&atilde;o s&atilde;o exclusivas do Parlamento. Em casos onde a regula&ccedil;&atilde;o n&atilde;o precisa passar pelo Congresso, como o de produtos relacionados &agrave; sa&uacute;de (medicamentos, terapias, alimentos, etc.) que s&atilde;o regulados pela Anvisa, a disputa pol&iacute;tica acaba alongando e mesmo atenuando as medidas restritivas. &quot;Do lado contr&aacute;rio ao da regula&ccedil;&atilde;o, temos o poder do financiamento de campanha das ind&uacute;strias anunciantes associado ao poder simb&oacute;lico dos meios de comunica&ccedil;&atilde;o&quot;, resume o jornalista.<\/span><\/p>\n","protected":false},"excerpt":{"rendered":"<p>Estima-se que cerca de 200 projetos sobre propaganda tramitam na C\u00e2mara e no Senado, mas a positiva preocupa\u00e7\u00e3o de alguns legisladores esbarra na hist\u00f3rica resist\u00eancia em regulamentar a atividade da m\u00eddia<\/p>\n","protected":false},"author":1,"featured_media":0,"comment_status":"open","ping_status":"open","sticky":false,"template":"","format":"standard","meta":{"footnotes":""},"categories":[40],"tags":[390],"_links":{"self":[{"href":"https:\/\/obscom.intervozes.org.br\/index.php?rest_route=\/wp\/v2\/posts\/21586"}],"collection":[{"href":"https:\/\/obscom.intervozes.org.br\/index.php?rest_route=\/wp\/v2\/posts"}],"about":[{"href":"https:\/\/obscom.intervozes.org.br\/index.php?rest_route=\/wp\/v2\/types\/post"}],"author":[{"embeddable":true,"href":"https:\/\/obscom.intervozes.org.br\/index.php?rest_route=\/wp\/v2\/users\/1"}],"replies":[{"embeddable":true,"href":"https:\/\/obscom.intervozes.org.br\/index.php?rest_route=%2Fwp%2Fv2%2Fcomments&post=21586"}],"version-history":[{"count":0,"href":"https:\/\/obscom.intervozes.org.br\/index.php?rest_route=\/wp\/v2\/posts\/21586\/revisions"}],"wp:attachment":[{"href":"https:\/\/obscom.intervozes.org.br\/index.php?rest_route=%2Fwp%2Fv2%2Fmedia&parent=21586"}],"wp:term":[{"taxonomy":"category","embeddable":true,"href":"https:\/\/obscom.intervozes.org.br\/index.php?rest_route=%2Fwp%2Fv2%2Fcategories&post=21586"},{"taxonomy":"post_tag","embeddable":true,"href":"https:\/\/obscom.intervozes.org.br\/index.php?rest_route=%2Fwp%2Fv2%2Ftags&post=21586"}],"curies":[{"name":"wp","href":"https:\/\/api.w.org\/{rel}","templated":true}]}}