{"id":21584,"date":"2008-07-29T11:16:30","date_gmt":"2008-07-29T11:16:30","guid":{"rendered":"https:\/\/obscom.intervozes.org.br\/wordpress\/?p=21584"},"modified":"2008-07-29T11:16:30","modified_gmt":"2008-07-29T11:16:30","slug":"para-helio-costa-e-preciso-revisar-regulacao-para-modernizar-sistema","status":"publish","type":"post","link":"https:\/\/obscom.intervozes.org.br\/?p=21584","title":{"rendered":"Para H\u00e9lio Costa, \u00e9 preciso revisar regula\u00e7\u00e3o para modernizar sistema"},"content":{"rendered":"<p>O modelo adotado na privatiza&ccedil;&atilde;o, com a divis&atilde;o do Sistema Telebr&aacute;s em tr&ecirc;s grandes empresas de telefonia local (Telef&ocirc;nica, Oi e Brasil Telecom) e uma empresa de longa dist&acirc;ncia (Embratel), est&aacute; com os dias contados. A mudan&ccedil;a no Plano Geral de Outorgas (PGO), que est&aacute; em curso na Ag&ecirc;ncia Nacional de Telecomunica&ccedil;&otilde;es (Anatel), vai permitir a uni&atilde;o entre concession&aacute;rias e a cria&ccedil;&atilde;o da supertele, fruto da compra da Brasil Telecom (BrT) pela Oi.<\/p>\n<p>A revis&atilde;o do PGO &eacute; a primeira grande mudan&ccedil;a legal no setor depois da privatiza&ccedil;&atilde;o dos anos 90. De imediato, deve viabilizar a fus&atilde;o da BrT com a Oi, opera&ccedil;&atilde;o que tem respaldo do governo e ser&aacute; financiada pelo Banco Nacional de Desenvolvimento Econ&ocirc;mico e Social (BNDES) e pelo Banco do Brasil. <\/p>\n<p>O ministro das Comunica&ccedil;&otilde;es, H&eacute;lio Costa, faz uma avalia&ccedil;&atilde;o positiva da privatiza&ccedil;&atilde;o do Sistema Telebr&aacute;s e reconhece que trouxe in&uacute;meros benef&iacute;cios para o Pa&iacute;s nos &uacute;ltimos dez anos. Mas avalia que chegou a hora de mudar o marco regulat&oacute;rio, com a edi&ccedil;&atilde;o de um novo PGO, que est&aacute; sendo elaborado pela Anatel para permitir consolida&ccedil;&otilde;es no mercado.<\/p>\n<p>&quot;O PGO tinha uma vida determinada e chegou o momento de fazer uma revis&atilde;o, at&eacute; para modernizar o sistema&quot;, disse Costa. Ele avalia que nesses dez anos o PGO cumpriu seu papel. O ministro ressalta, no entanto, que &eacute; importante definir novas regras para o setor de telecomunica&ccedil;&otilde;es, principalmente em raz&atilde;o da evolu&ccedil;&atilde;o tecnol&oacute;gica. &quot;N&atilde;o podemos ficar presos a uma determina&ccedil;&atilde;o que serviu a seu prop&oacute;sito dez anos atr&aacute;s.&quot;<\/p>\n<p>Ele defende a cria&ccedil;&atilde;o de um telefone fixo popular, com uma taxa de assinatura b&aacute;sica mais barata, para ampliar o acesso da popula&ccedil;&atilde;o de baixa renda aos servi&ccedil;os. A banda larga, na opini&atilde;o do ministro, ser&aacute; o principal meio para a evolu&ccedil;&atilde;o do mercado de telecomunica&ccedil;&otilde;es nos pr&oacute;ximos anos. <\/p>\n<p>&quot;A banda larga &eacute;, sem d&uacute;vida nenhuma, uma ferramenta indispens&aacute;vel em qualquer sociedade no futuro imediato.&quot; Costa lembra que, em 1998, ano da privatiza&ccedil;&atilde;o, a rede de telefonia fixa era bastante prec&aacute;ria e os investimentos da iniciativa privada permitiram a constru&ccedil;&atilde;o de rede nacional. &quot;Minha avalia&ccedil;&atilde;o &eacute; de que a privatiza&ccedil;&atilde;o foi bastante positiva. Todos lembramos que h&aacute; dez anos compr&aacute;vamos uma linha telef&ocirc;nica pelo equivalente a US$ 2 mil. Hoje, basta solicitar que a empresa instala.&quot;<\/p>\n<p>Alguns especialistas avaliam que a mudan&ccedil;a do PGO j&aacute; deveria ter ocorrido. O consultor Renato Guerreiro, que presidia a Anatel na &eacute;poca da privatiza&ccedil;&atilde;o, acha que a reformula&ccedil;&atilde;o est&aacute; atrasada. &quot;O PGO foi concebido para durar at&eacute; 2005. Em 2003 era necess&aacute;rio um novo plano, que deveria ter sido utilizado na prorroga&ccedil;&atilde;o dos contratos de concess&atilde;o.&quot;<\/p>\n<p>O deputado Jorge Bittar (PT-RJ), especialista no setor, diz que o modelo de privatiza&ccedil;&atilde;o adotado &quot;fragmentou excessivamente&quot; a Telebr&aacute;s e acabou prejudicando a competi&ccedil;&atilde;o. A divis&atilde;o da Telebr&aacute;s em v&aacute;rias empresas, segundo ele, serviu apenas para aumentar a arrecada&ccedil;&atilde;o durante a privatiza&ccedil;&atilde;o e impossibilitou a constitui&ccedil;&atilde;o de uma grande empresa de capital brasileiro. &quot;Ter&iacute;amos mantido uma grande empresa brasileira de telecomunica&ccedil;&otilde;es, que hoje, provavelmente, estaria operando no mundo, n&atilde;o s&oacute; no Brasil.&quot; <\/p>\n<p>O primeiro passo para a mudan&ccedil;a do PGO foi dado pelo Minist&eacute;rio das Comunica&ccedil;&otilde;es, que, provocado pela Associa&ccedil;&atilde;o Brasileira das Concession&aacute;rias de Servi&ccedil;o Telef&ocirc;nico Fixo Comutado (Abrafix), encaminhou &agrave; Anatel, em 13 de fevereiro deste ano, um of&iacute;cio determinando a elimina&ccedil;&atilde;o de todas as barreiras que hoje impedem fus&otilde;es de concession&aacute;rias.<\/p>\n<p>Em 25 de abril, Oi e BrT anunciaram o neg&oacute;cio e fixaram um prazo de 240 dias para concretizar a fus&atilde;o. Em 12 de junho, o conselho diretor da Anatel aprovou a proposta de novo PGO, que est&aacute; em consulta p&uacute;blica at&eacute; sexta-feira. H&aacute; um pedido de prorroga&ccedil;&atilde;o da Associa&ccedil;&atilde;o Brasileira das Prestadoras de Servi&ccedil;os de Telecomunica&ccedil;&otilde;es Competitivas (Telcomp), que ser&aacute; apreciado quinta-feira pelo conselho diretor da Anatel.<\/p>\n<p>As sugest&otilde;es de mudan&ccedil;as no texto ser&atilde;o analisadas pela equipe t&eacute;cnica e a proposta de PGO voltar&aacute; a ser apreciada pelo conselho em um segundo turno de vota&ccedil;&atilde;o, provavelmente em setembro. Aprovada definitivamente, seguir&aacute; para o Minist&eacute;rio das Comunica&ccedil;&otilde;es e depois ao Pal&aacute;cio do Planalto, para a edi&ccedil;&atilde;o de um decreto presidencial com o novo PGO.<\/p>\n","protected":false},"excerpt":{"rendered":"<p>O modelo adotado na privatiza&ccedil;&atilde;o, com a divis&atilde;o do Sistema Telebr&aacute;s em tr&ecirc;s grandes empresas de telefonia local (Telef&ocirc;nica, Oi e Brasil Telecom) e uma empresa de longa dist&acirc;ncia (Embratel), est&aacute; com os dias contados. A mudan&ccedil;a no Plano Geral de Outorgas (PGO), que est&aacute; em curso na Ag&ecirc;ncia Nacional de Telecomunica&ccedil;&otilde;es (Anatel), vai permitir &hellip; <a href=\"https:\/\/obscom.intervozes.org.br\/?p=21584\" class=\"more-link\">Continue lendo <span class=\"screen-reader-text\">Para H\u00e9lio Costa, \u00e9 preciso revisar regula\u00e7\u00e3o para modernizar sistema<\/span> <span class=\"meta-nav\">&rarr;<\/span><\/a><\/p>\n","protected":false},"author":1,"featured_media":0,"comment_status":"open","ping_status":"open","sticky":false,"template":"","format":"standard","meta":{"footnotes":""},"categories":[40],"tags":[823,822],"_links":{"self":[{"href":"https:\/\/obscom.intervozes.org.br\/index.php?rest_route=\/wp\/v2\/posts\/21584"}],"collection":[{"href":"https:\/\/obscom.intervozes.org.br\/index.php?rest_route=\/wp\/v2\/posts"}],"about":[{"href":"https:\/\/obscom.intervozes.org.br\/index.php?rest_route=\/wp\/v2\/types\/post"}],"author":[{"embeddable":true,"href":"https:\/\/obscom.intervozes.org.br\/index.php?rest_route=\/wp\/v2\/users\/1"}],"replies":[{"embeddable":true,"href":"https:\/\/obscom.intervozes.org.br\/index.php?rest_route=%2Fwp%2Fv2%2Fcomments&post=21584"}],"version-history":[{"count":0,"href":"https:\/\/obscom.intervozes.org.br\/index.php?rest_route=\/wp\/v2\/posts\/21584\/revisions"}],"wp:attachment":[{"href":"https:\/\/obscom.intervozes.org.br\/index.php?rest_route=%2Fwp%2Fv2%2Fmedia&parent=21584"}],"wp:term":[{"taxonomy":"category","embeddable":true,"href":"https:\/\/obscom.intervozes.org.br\/index.php?rest_route=%2Fwp%2Fv2%2Fcategories&post=21584"},{"taxonomy":"post_tag","embeddable":true,"href":"https:\/\/obscom.intervozes.org.br\/index.php?rest_route=%2Fwp%2Fv2%2Ftags&post=21584"}],"curies":[{"name":"wp","href":"https:\/\/api.w.org\/{rel}","templated":true}]}}