{"id":21582,"date":"2008-07-29T10:36:10","date_gmt":"2008-07-29T10:36:10","guid":{"rendered":"https:\/\/obscom.intervozes.org.br\/wordpress\/?p=21582"},"modified":"2008-07-29T10:36:10","modified_gmt":"2008-07-29T10:36:10","slug":"termos-tecnicos-afastam-sociedade-da-discussao-sobre-regulacao-da-telefonia","status":"publish","type":"post","link":"https:\/\/obscom.intervozes.org.br\/?p=21582","title":{"rendered":"Termos t\u00e9cnicos afastam sociedade da discuss\u00e3o sobre regula\u00e7\u00e3o da telefonia"},"content":{"rendered":"<p>A Ag&ecirc;ncia Nacional de Telecomunica&ccedil;&otilde;es (Anatel) promove na pr&oacute;xima ter&ccedil;a-feira (29), em Porto Alegre, a quinta audi&ecirc;ncia p&uacute;blica para discutir o Plano Geral de Atualiza&ccedil;&atilde;o da Regulamenta&ccedil;&atilde;o das Telecomunica&ccedil;&otilde;es no Brasil (PGR) e a revis&atilde;o do Plano Geral de Outorgas (PGO). <\/p>\n<p>At&eacute; agora, j&aacute; foram realizadas audi&ecirc;ncias p&uacute;blicas em S&atilde;o Paulo, Bras&iacute;lia, Recife e Bel&eacute;m. Representantes de entidades que participaram dos debates consideraram que os aspectos t&eacute;cnicos do tema e o pouco tempo para entender as propostas t&ecirc;m afastado a popula&ccedil;&atilde;o da discuss&atilde;o.<\/p>\n<p>As audi&ecirc;ncias t&ecirc;m o objetivo de discutir as mudan&ccedil;as que est&atilde;o sendo propostas para o setor. As contribui&ccedil;&otilde;es tamb&eacute;m podem ser feitas por escrito, at&eacute; o dia 1&ordm; de agosto.<\/p>\n<p>Para a coordenadora institucional da Associa&ccedil;&atilde;o Brasileira de Defesa do Consumidor (Pro Teste), Maria In&ecirc;s Dolci, os termos t&eacute;cnicos afastam os cidad&atilde;os comuns da discuss&atilde;o. Ela participou da audi&ecirc;ncia realizada em S&atilde;o Paulo e criticou a longa dura&ccedil;&atilde;o do debate, que levou mais de oito horas e fez v&aacute;rios participantes desistirem de participar.<\/p>\n<p>&ldquo;Houve longas interfer&ecirc;ncias dos representantes da Anatel para responder aos questionamentos e teve uma grande insatisfa&ccedil;&atilde;o dos &oacute;rg&atilde;os de defesa do consumidor e das concession&aacute;rias&rdquo;, afirmou.<\/p>\n<p>Na avalia&ccedil;&atilde;o de Maria In&ecirc;s, a linguagem das audi&ecirc;ncias e das consultas p&uacute;blicas n&atilde;o &eacute; acess&iacute;vel ao cidad&atilde;o comum. &ldquo;N&atilde;o h&aacute; uma resposta a essas consultas p&uacute;blicas de forma que o cidad&atilde;o comum possa entender as contribui&ccedil;&otilde;es, o que foi acatado e o que ficou de lado&rdquo;, disse.<\/p>\n<p>O economista da Associa&ccedil;&atilde;o Brasileira das Prestadoras de Servi&ccedil;os de Telecomunica&ccedil;&otilde;es Competitivas (Telcomp), Luiz Henrique Barbosa da Silva, participou da audi&ecirc;ncia p&uacute;blica em Bras&iacute;lia. Ele conta que o p&uacute;blico foi abandonando o debate ao longo das quatro horas da exposi&ccedil;&atilde;o feita pela Anatel.<\/p>\n<p>Silva tamb&eacute;m considera que os termos t&eacute;cnicos dificultam a participa&ccedil;&atilde;o do p&uacute;blico. &ldquo;As entidades ligadas ao setor e as entidades de defesa do consumidor, que est&atilde;o mais por dentro dos acontecimentos, rebatem [<em>o argumento<\/em>], mas a popula&ccedil;&atilde;o geral fica um pouco fora desse contexto porque n&atilde;o entende&rdquo;, observou. <\/p>\n<p>Para ele, a revis&atilde;o do PGO deveria ser promovida depois das mudan&ccedil;as do PGR, que cont&eacute;m instrumentos para garantir a competi&ccedil;&atilde;o no setor. &ldquo;Alterar o PGO e permitir fus&otilde;es e aquisi&ccedil;&otilde;es sem a garantia de que vai ter competi&ccedil;&atilde;o &eacute; muito prejudicial ao pa&iacute;s&rdquo;, opinou.<\/p>\n<p>Em S&atilde;o Paulo, a audi&ecirc;ncia p&uacute;blica reuniu 190 pessoas, de acordo com a Anatel. Na capital federal, foram 123 participantes, em Recife, 29 e em Bel&eacute;m, 20 pessoas participaram.<\/p>\n<p>A assessoria de imprensa da Anatel informou que os dois diretores que poderiam falar sobre o andamento das audi&ecirc;ncias p&uacute;blicas est&atilde;o viajando.<\/p>\n","protected":false},"excerpt":{"rendered":"<p>A Ag&ecirc;ncia Nacional de Telecomunica&ccedil;&otilde;es (Anatel) promove na pr&oacute;xima ter&ccedil;a-feira (29), em Porto Alegre, a quinta audi&ecirc;ncia p&uacute;blica para discutir o Plano Geral de Atualiza&ccedil;&atilde;o da Regulamenta&ccedil;&atilde;o das Telecomunica&ccedil;&otilde;es no Brasil (PGR) e a revis&atilde;o do Plano Geral de Outorgas (PGO). At&eacute; agora, j&aacute; foram realizadas audi&ecirc;ncias p&uacute;blicas em S&atilde;o Paulo, Bras&iacute;lia, Recife e Bel&eacute;m. &hellip; <a href=\"https:\/\/obscom.intervozes.org.br\/?p=21582\" class=\"more-link\">Continue lendo <span class=\"screen-reader-text\">Termos t\u00e9cnicos afastam sociedade da discuss\u00e3o sobre regula\u00e7\u00e3o da telefonia<\/span> <span class=\"meta-nav\">&rarr;<\/span><\/a><\/p>\n","protected":false},"author":1,"featured_media":0,"comment_status":"open","ping_status":"open","sticky":false,"template":"","format":"standard","meta":{"footnotes":""},"categories":[40],"tags":[804],"_links":{"self":[{"href":"https:\/\/obscom.intervozes.org.br\/index.php?rest_route=\/wp\/v2\/posts\/21582"}],"collection":[{"href":"https:\/\/obscom.intervozes.org.br\/index.php?rest_route=\/wp\/v2\/posts"}],"about":[{"href":"https:\/\/obscom.intervozes.org.br\/index.php?rest_route=\/wp\/v2\/types\/post"}],"author":[{"embeddable":true,"href":"https:\/\/obscom.intervozes.org.br\/index.php?rest_route=\/wp\/v2\/users\/1"}],"replies":[{"embeddable":true,"href":"https:\/\/obscom.intervozes.org.br\/index.php?rest_route=%2Fwp%2Fv2%2Fcomments&post=21582"}],"version-history":[{"count":0,"href":"https:\/\/obscom.intervozes.org.br\/index.php?rest_route=\/wp\/v2\/posts\/21582\/revisions"}],"wp:attachment":[{"href":"https:\/\/obscom.intervozes.org.br\/index.php?rest_route=%2Fwp%2Fv2%2Fmedia&parent=21582"}],"wp:term":[{"taxonomy":"category","embeddable":true,"href":"https:\/\/obscom.intervozes.org.br\/index.php?rest_route=%2Fwp%2Fv2%2Fcategories&post=21582"},{"taxonomy":"post_tag","embeddable":true,"href":"https:\/\/obscom.intervozes.org.br\/index.php?rest_route=%2Fwp%2Fv2%2Ftags&post=21582"}],"curies":[{"name":"wp","href":"https:\/\/api.w.org\/{rel}","templated":true}]}}