{"id":21579,"date":"2008-07-28T22:23:29","date_gmt":"2008-07-28T22:23:29","guid":{"rendered":"https:\/\/obscom.intervozes.org.br\/wordpress\/?p=21579"},"modified":"2008-07-28T22:23:29","modified_gmt":"2008-07-28T22:23:29","slug":"tv-brasil-apresenta-mudancas-na-programacao","status":"publish","type":"post","link":"https:\/\/obscom.intervozes.org.br\/?p=21579","title":{"rendered":"TV Brasil apresenta mudan\u00e7as na programa\u00e7\u00e3o"},"content":{"rendered":"<p><a name=\"11b6aa6a52bca7f8_m11346\" title=\"11b6aa6a52bca7f8_m11346\"><\/a><span> A TV Brasil planeja novas mudan&ccedil;as na programa&ccedil;&atilde;o. No dia 31\/07 o &ldquo;Espa&ccedil;o P&uacute;blico&rdquo; sair&aacute; do ar. No fim de agosto, ser&aacute; a vez do &ldquo;Di&aacute;logo Brasil&rdquo; deixar a grade da emissora. Para substitu&iacute;-los, no in&iacute;cio de setembro estr&eacute;ia o &ldquo;Tr&ecirc;s a um&rdquo;, que ser&aacute; apresentado todas as quartas-feiras, &agrave;s 22h.<\/p>\n<p> &ldquo;Esse novo programa ter&aacute; um modelo &lsquo;flex&rsquo;. Ser&atilde;o tr&ecirc;s debatedores mediados por um jornalista, ou tr&ecirc;s jornalistas sabatinando um entrevistado. Ser&aacute; um programa que cumprir&aacute; a fun&ccedil;&atilde;o que o &lsquo;Espa&ccedil;o&rsquo; e o &lsquo;Di&aacute;logo&rsquo; cumprem hoje&rdquo;, diz a diretora de jornalismo da TV Brasil, Helena Chagas.<\/p>\n<p> A mudan&ccedil;a faz parte do cronograma de reformula&ccedil;&atilde;o da grade, que pretende transformar a emissora em uma TV nacional.<\/p>\n<p> &ldquo;O &lsquo;Espa&ccedil;o P&uacute;blico&rsquo; &eacute; um programa da antiga TVE. &Eacute; essencialmente carioca, com convidados cariocas. Agora n&oacute;s somos a TV Brasil, temos que mudar alguns programas da grade&rdquo;, diz Helena.<\/p>\n<p><strong> TV Brasil produzir&aacute; programa na &Aacute;frica<\/strong><\/p>\n<p>O &quot;Tr&ecirc;s a um&quot; ir&aacute; ao ar no hor&aacute;rio apelidado de &ldquo;faixa da reflex&atilde;o&rdquo;. Al&eacute;m dele, nos pr&oacute;ximos dias ser&aacute; lan&ccedil;ado um edital para a realiza&ccedil;&atilde;o do &ldquo;Revista &Aacute;frica&rdquo;, que ocupar&aacute; o espa&ccedil;o &agrave;s sextas-feiras.<\/p>\n<p> O programa que ser&aacute; inteiramente gravado em pa&iacute;ses africanos, principalmente os de l&iacute;ngua portuguesa, por uma produtora independente, mas sob supervis&atilde;o da emissora. &Eacute; a primeira vez que a TV Brasil realiza um edital como esse, mas, de acordo com Helena, servir&aacute; de teste para a realiza&ccedil;&atilde;o de um outro, para a produ&ccedil;&atilde;o do &ldquo;Revista Am&eacute;rica Latina&rdquo;. O modelo deste ainda n&atilde;o foi definido, e a coopera&ccedil;&atilde;o com emissoras de outros pa&iacute;ses n&atilde;o est&aacute; descartada.<\/p>\n<p><strong> Observat&oacute;rio da imprensa tamb&eacute;m ter&aacute; mudan&ccedil;as<\/strong><\/p>\n<p>Recentemente, a TV Brasil estreou o &ldquo;De L&aacute; pra C&aacute;&rdquo; e o &ldquo;Caminhos da Reportagem&rdquo;. Na ter&ccedil;a-feira, na &ldquo;faixa de reflex&atilde;o&rdquo;, o &ldquo;Observat&oacute;rio da Imprensa&rdquo; continua, mas tamb&eacute;m passar&aacute; por mudan&ccedil;as.<\/p>\n<p> &ldquo;O Observat&oacute;rio &eacute; o carro chefe da emissora, mas vai passar por mudan&ccedil;as. Ele ter&aacute; um novo cen&aacute;rio, outros participantes. Queremos dinamizar o programa&rdquo;, afirma Helena.<\/span><\/p>\n","protected":false},"excerpt":{"rendered":"<p>A TV Brasil planeja novas mudan&ccedil;as na programa&ccedil;&atilde;o. No dia 31\/07 o &ldquo;Espa&ccedil;o P&uacute;blico&rdquo; sair&aacute; do ar. No fim de agosto, ser&aacute; a vez do &ldquo;Di&aacute;logo Brasil&rdquo; deixar a grade da emissora. Para substitu&iacute;-los, no in&iacute;cio de setembro estr&eacute;ia o &ldquo;Tr&ecirc;s a um&rdquo;, que ser&aacute; apresentado todas as quartas-feiras, &agrave;s 22h. &ldquo;Esse novo programa ter&aacute; &hellip; <a href=\"https:\/\/obscom.intervozes.org.br\/?p=21579\" class=\"more-link\">Continue lendo <span class=\"screen-reader-text\">TV Brasil apresenta mudan\u00e7as na programa\u00e7\u00e3o<\/span> <span class=\"meta-nav\">&rarr;<\/span><\/a><\/p>\n","protected":false},"author":1,"featured_media":0,"comment_status":"open","ping_status":"open","sticky":false,"template":"","format":"standard","meta":{"footnotes":""},"categories":[40],"tags":[393],"_links":{"self":[{"href":"https:\/\/obscom.intervozes.org.br\/index.php?rest_route=\/wp\/v2\/posts\/21579"}],"collection":[{"href":"https:\/\/obscom.intervozes.org.br\/index.php?rest_route=\/wp\/v2\/posts"}],"about":[{"href":"https:\/\/obscom.intervozes.org.br\/index.php?rest_route=\/wp\/v2\/types\/post"}],"author":[{"embeddable":true,"href":"https:\/\/obscom.intervozes.org.br\/index.php?rest_route=\/wp\/v2\/users\/1"}],"replies":[{"embeddable":true,"href":"https:\/\/obscom.intervozes.org.br\/index.php?rest_route=%2Fwp%2Fv2%2Fcomments&post=21579"}],"version-history":[{"count":0,"href":"https:\/\/obscom.intervozes.org.br\/index.php?rest_route=\/wp\/v2\/posts\/21579\/revisions"}],"wp:attachment":[{"href":"https:\/\/obscom.intervozes.org.br\/index.php?rest_route=%2Fwp%2Fv2%2Fmedia&parent=21579"}],"wp:term":[{"taxonomy":"category","embeddable":true,"href":"https:\/\/obscom.intervozes.org.br\/index.php?rest_route=%2Fwp%2Fv2%2Fcategories&post=21579"},{"taxonomy":"post_tag","embeddable":true,"href":"https:\/\/obscom.intervozes.org.br\/index.php?rest_route=%2Fwp%2Fv2%2Ftags&post=21579"}],"curies":[{"name":"wp","href":"https:\/\/api.w.org\/{rel}","templated":true}]}}