{"id":21574,"date":"2008-07-25T15:34:27","date_gmt":"2008-07-25T15:34:27","guid":{"rendered":"https:\/\/obscom.intervozes.org.br\/wordpress\/?p=21574"},"modified":"2008-07-25T15:34:27","modified_gmt":"2008-07-25T15:34:27","slug":"animacao-tera-mecanismos-de-financiamento-proprios","status":"publish","type":"post","link":"https:\/\/obscom.intervozes.org.br\/?p=21574","title":{"rendered":"Anima\u00e7\u00e3o ter\u00e1 mecanismos de financiamento pr\u00f3prios"},"content":{"rendered":"<p>Mais uma vez, o Anima Forum, evento que acontece nos dias 24 e 25 de julho, em S&atilde;o Paulo, como parte do festival de anima&ccedil;&atilde;o Anima Mundi, traz boas not&iacute;cias para os produtores brasileiros. Assim como em 2007, quando o BNDES anunciou uma linha de financiamento do Procult exclusiva para s&eacute;ries de anima&ccedil;&atilde;o com contratos de co-produ&ccedil;&atilde;o internacional, em 2008 o Anima Forum foi palco para a apresenta&ccedil;&atilde;o de novos mecanismos e projetos voltados para o g&ecirc;nero.<\/p>\n<p>Foram apresentados programas que est&atilde;o em andamento no Minist&eacute;rio da Cultura, no &acirc;mbito da Secretaria do Audiovisual e da Ag&ecirc;ncia Nacional do Cinema. O diretor da Ancine S&eacute;rgio S&aacute; Leit&atilde;o apresentou durante painel nesta quinta-feira, 24, o projeto de realiza&ccedil;&atilde;o de um &quot;cluster&quot; de anima&ccedil;&atilde;o, nos mesmos moldes do Porto Digital de Recife (&quot;projeto de desenvolvimento econ&ocirc;mico que agrega investimentos p&uacute;blicos, iniciativa privada e universidades, compondo um sistema local de inova&ccedil;&atilde;o&quot;, segundo o site oficial). Ele explicou brevemente que a iniciativa aconteceria entre o poder p&uacute;blico (federal, estadual e municipal) e a iniciativa privada, por meio das associa&ccedil;&otilde;es das empresas. A id&eacute;ia &eacute; a constitui&ccedil;&atilde;o de um p&oacute;lo produtor de anima&ccedil;&atilde;o, com infra-estrutura e espa&ccedil;o de forma&ccedil;&atilde;o e capacita&ccedil;&atilde;o. Essa &quot;f&aacute;brica de anima&ccedil;&atilde;o&quot; seria acessada pelos bureaus com o objetivo de reduzir custos e potencializar a atividade. &quot;O investimento para esse p&oacute;lo deve ser proveniente do Fundo Setorial do Audiovisual&quot;, contou S&aacute; Leit&atilde;o.<\/p>\n<p><strong>Fundo Setorial do Audiovisual<\/strong><\/p>\n<p>Ele tamb&eacute;m deu alguns detalhes sobre o Fundo Setorial, que deve ser lan&ccedil;ado no final de agosto ou come&ccedil;o de setembro. S&aacute; Leit&atilde;o disse que o fundo deve ter tr&ecirc;s linhas: uma para produ&ccedil;&atilde;o de cinema, outra para produ&ccedil;&atilde;o de conte&uacute;do de televis&atilde;o e uma para distribui&ccedil;&atilde;o. As duas primeiras podem ser usadas tamb&eacute;m para produ&ccedil;&otilde;es de anima&ccedil;&atilde;o. &quot;N&atilde;o podemos trabalhar em cima de um dos elos da cadeia. &Eacute; preciso ter vis&atilde;o de conjunto&quot;, disse o diretor. &quot;Existem v&aacute;rias iniciativas, mas precisamos formular e aplicar uma pol&iacute;tica de desenvolvimento da anima&ccedil;&atilde;o brasileira&quot;, afirmou.<\/p>\n<p>Ele tamb&eacute;m mencionou um programa especial de fomento para anima&ccedil;&atilde;o deve ser finalizado nas pr&oacute;ximas semanas. Ele contar&aacute; com edital p&uacute;blico e veicula&ccedil;&atilde;o garantida, j&aacute; que trata de uma parceria com emissoras de televis&atilde;o.<\/p>\n<p><strong>Planos da SAV<\/strong><\/p>\n<p>Al&eacute;m da Ancine, Gustavo Dahl, em nome do diretor de audiovisual da Secretaria do Audiovisual, Paulo Alcoforado, apresentou os planos da SAV de uma pol&iacute;tica nacional de anima&ccedil;&atilde;o, que deve ser apresentado ao secret&aacute;rio executivo do Minist&eacute;rio da Cultura, Juca Ferreira, na pr&oacute;xima segunda-feira, dia 28. Fazem parte dessa pol&iacute;tica programas como o Anima TV, sistema de capacita&ccedil;&atilde;o, produ&ccedil;&atilde;o e distribui&ccedil;&atilde;o de s&eacute;ries de anima&ccedil;&atilde;o voltadas ao p&uacute;blico infanto-juvenil, por uma rede de TVs p&uacute;blicas e educativas. Esse programa baseia-se nos moldes do DocTV. <\/p>\n<p>Al&eacute;m do Anima TV, a proposta inclui o Anima TV para s&eacute;ries de anima&ccedil;&atilde;o adulta &#8211; programa que envolveria tanto emissoras p&uacute;blicas quanto privadas -; um projeto bilateral Brasil-Argentina, nos mesmos moldes do Anima TV; e o programa Mais Cultura, para a co-produ&ccedil;&atilde;o de s&eacute;ries de anima&ccedil;&atilde;o para a TV Cultura e a TV Brasil. Dahl falou ainda sobre o programa especial de fomento Imagens do Brasil, que compete &agrave; Ancine e &agrave; TV Brasil e que j&aacute; foi apresentado pela ag&ecirc;ncia e pelo canal no Forum Brasil &#8211; Mercado Internacional de Televis&atilde;o, que aconteceu em junho, em S&atilde;o Paulo.<\/p>\n<p>Tamb&eacute;m participaram do painel Eliana Russi, da Brazilian TV Producers; Mayra Luccas, da Glaz Cinema; e Luis Andr&eacute; S&aacute; D&#39;Oliveira, do BNDES.&nbsp;<\/p>\n","protected":false},"excerpt":{"rendered":"<p>Mais uma vez, o Anima Forum, evento que acontece nos dias 24 e 25 de julho, em S&atilde;o Paulo, como parte do festival de anima&ccedil;&atilde;o Anima Mundi, traz boas not&iacute;cias para os produtores brasileiros. Assim como em 2007, quando o BNDES anunciou uma linha de financiamento do Procult exclusiva para s&eacute;ries de anima&ccedil;&atilde;o com contratos &hellip; <a href=\"https:\/\/obscom.intervozes.org.br\/?p=21574\" class=\"more-link\">Continue lendo <span class=\"screen-reader-text\">Anima\u00e7\u00e3o ter\u00e1 mecanismos de financiamento pr\u00f3prios<\/span> <span class=\"meta-nav\">&rarr;<\/span><\/a><\/p>\n","protected":false},"author":1,"featured_media":0,"comment_status":"open","ping_status":"open","sticky":false,"template":"","format":"standard","meta":{"footnotes":""},"categories":[40],"tags":[120],"_links":{"self":[{"href":"https:\/\/obscom.intervozes.org.br\/index.php?rest_route=\/wp\/v2\/posts\/21574"}],"collection":[{"href":"https:\/\/obscom.intervozes.org.br\/index.php?rest_route=\/wp\/v2\/posts"}],"about":[{"href":"https:\/\/obscom.intervozes.org.br\/index.php?rest_route=\/wp\/v2\/types\/post"}],"author":[{"embeddable":true,"href":"https:\/\/obscom.intervozes.org.br\/index.php?rest_route=\/wp\/v2\/users\/1"}],"replies":[{"embeddable":true,"href":"https:\/\/obscom.intervozes.org.br\/index.php?rest_route=%2Fwp%2Fv2%2Fcomments&post=21574"}],"version-history":[{"count":0,"href":"https:\/\/obscom.intervozes.org.br\/index.php?rest_route=\/wp\/v2\/posts\/21574\/revisions"}],"wp:attachment":[{"href":"https:\/\/obscom.intervozes.org.br\/index.php?rest_route=%2Fwp%2Fv2%2Fmedia&parent=21574"}],"wp:term":[{"taxonomy":"category","embeddable":true,"href":"https:\/\/obscom.intervozes.org.br\/index.php?rest_route=%2Fwp%2Fv2%2Fcategories&post=21574"},{"taxonomy":"post_tag","embeddable":true,"href":"https:\/\/obscom.intervozes.org.br\/index.php?rest_route=%2Fwp%2Fv2%2Ftags&post=21574"}],"curies":[{"name":"wp","href":"https:\/\/api.w.org\/{rel}","templated":true}]}}