{"id":21573,"date":"2008-07-25T15:15:45","date_gmt":"2008-07-25T15:15:45","guid":{"rendered":"https:\/\/obscom.intervozes.org.br\/wordpress\/?p=21573"},"modified":"2008-07-25T15:15:45","modified_gmt":"2008-07-25T15:15:45","slug":"ministerio-orienta-anatel-a-ser-rigorosa-com-emissoras-de-tv-digital-que-adotarem-multiprogramacao","status":"publish","type":"post","link":"https:\/\/obscom.intervozes.org.br\/?p=21573","title":{"rendered":"Minist\u00e9rio orienta Anatel a ser rigorosa com emissoras de TV digital que adotarem multiprograma\u00e7\u00e3o"},"content":{"rendered":"<p><a name=\"11b5b21bff4746ff_m11335\" title=\"11b5b21bff4746ff_m11335\"><\/a><span> Enquanto a fiscaliza&ccedil;&atilde;o da Anatel, por orienta&ccedil;&atilde;o do ministro das Comunica&ccedil;&otilde;es, H&eacute;lio Costa, tenta identificar emissoras de televis&atilde;o que promovem a distribui&ccedil;&atilde;o de multiprograma&ccedil;&atilde;o, a equipe do minist&eacute;rio prepara o projeto de regulamenta&ccedil;&atilde;o que ser&aacute; submetido ao Grupo Executivo da TV Digital, que re&uacute;ne 11 ministros de Estado, com objetivo de estabelecer as condi&ccedil;&otilde;es para a oferta de programas m&uacute;ltiplos. A multiprograma&ccedil;&atilde;o &eacute; uma das principais vantagens que a compress&atilde;o do sinal, promovida pelo processo de digitaliza&ccedil;&atilde;o da radiodifus&atilde;o, traz ao mercado, mas depende de elabora&ccedil;&atilde;o e edi&ccedil;&atilde;o de regras pr&oacute;prias.<\/p>\n<p>No momento, a &uacute;nica multiprograma&ccedil;&atilde;o permitida pelo minist&eacute;rio &eacute; em car&aacute;ter experimental, com autoriza&ccedil;&atilde;o de testes cient&iacute;ficos pela Anatel, segundo informa uma fonte do Minicom. O minist&eacute;rio quer, segundo a mesma fonte, impedir abusos como a abertura a terceiros de canais dispon&iacute;veis &agrave; multiprograma&ccedil;&atilde;o digital &#8211; o que hoje &eacute; proibido por lei. &quot;S&oacute; pode haver transmiss&atilde;o de canal &uacute;nico, at&eacute; que a regulamenta&ccedil;&atilde;o seja aprovada&quot;, afirmou a fonte. Por isso, den&uacute;ncias que chegarem ao minist&eacute;rio ser&atilde;o prontamente direcionadas &agrave; a&ccedil;&atilde;o fiscalizat&oacute;ria do &oacute;rg&atilde;o regulador. O flagrante de desrespeito &agrave; restri&ccedil;&atilde;o ser&aacute; punido pelo minist&eacute;rio com san&ccedil;&otilde;es que v&atilde;o de multas &agrave; suspens&atilde;o da outorga do servi&ccedil;o, segundo a fonte. <\/span><\/p>\n","protected":false},"excerpt":{"rendered":"<p>Enquanto a fiscaliza&ccedil;&atilde;o da Anatel, por orienta&ccedil;&atilde;o do ministro das Comunica&ccedil;&otilde;es, H&eacute;lio Costa, tenta identificar emissoras de televis&atilde;o que promovem a distribui&ccedil;&atilde;o de multiprograma&ccedil;&atilde;o, a equipe do minist&eacute;rio prepara o projeto de regulamenta&ccedil;&atilde;o que ser&aacute; submetido ao Grupo Executivo da TV Digital, que re&uacute;ne 11 ministros de Estado, com objetivo de estabelecer as condi&ccedil;&otilde;es para &hellip; <a href=\"https:\/\/obscom.intervozes.org.br\/?p=21573\" class=\"more-link\">Continue lendo <span class=\"screen-reader-text\">Minist\u00e9rio orienta Anatel a ser rigorosa com emissoras de TV digital que adotarem multiprograma\u00e7\u00e3o<\/span> <span class=\"meta-nav\">&rarr;<\/span><\/a><\/p>\n","protected":false},"author":1,"featured_media":0,"comment_status":"open","ping_status":"open","sticky":false,"template":"","format":"standard","meta":{"footnotes":""},"categories":[39],"tags":[],"_links":{"self":[{"href":"https:\/\/obscom.intervozes.org.br\/index.php?rest_route=\/wp\/v2\/posts\/21573"}],"collection":[{"href":"https:\/\/obscom.intervozes.org.br\/index.php?rest_route=\/wp\/v2\/posts"}],"about":[{"href":"https:\/\/obscom.intervozes.org.br\/index.php?rest_route=\/wp\/v2\/types\/post"}],"author":[{"embeddable":true,"href":"https:\/\/obscom.intervozes.org.br\/index.php?rest_route=\/wp\/v2\/users\/1"}],"replies":[{"embeddable":true,"href":"https:\/\/obscom.intervozes.org.br\/index.php?rest_route=%2Fwp%2Fv2%2Fcomments&post=21573"}],"version-history":[{"count":0,"href":"https:\/\/obscom.intervozes.org.br\/index.php?rest_route=\/wp\/v2\/posts\/21573\/revisions"}],"wp:attachment":[{"href":"https:\/\/obscom.intervozes.org.br\/index.php?rest_route=%2Fwp%2Fv2%2Fmedia&parent=21573"}],"wp:term":[{"taxonomy":"category","embeddable":true,"href":"https:\/\/obscom.intervozes.org.br\/index.php?rest_route=%2Fwp%2Fv2%2Fcategories&post=21573"},{"taxonomy":"post_tag","embeddable":true,"href":"https:\/\/obscom.intervozes.org.br\/index.php?rest_route=%2Fwp%2Fv2%2Ftags&post=21573"}],"curies":[{"name":"wp","href":"https:\/\/api.w.org\/{rel}","templated":true}]}}