{"id":21572,"date":"2008-07-25T12:34:06","date_gmt":"2008-07-25T12:34:06","guid":{"rendered":"https:\/\/obscom.intervozes.org.br\/wordpress\/?p=21572"},"modified":"2008-07-25T12:34:06","modified_gmt":"2008-07-25T12:34:06","slug":"ministerio-do-trabalho-cria-comissao-para-regulamentar-profissao-de-jornalista","status":"publish","type":"post","link":"https:\/\/obscom.intervozes.org.br\/?p=21572","title":{"rendered":"Minist\u00e9rio do Trabalho cria comiss\u00e3o para regulamentar profiss\u00e3o de jornalista"},"content":{"rendered":"<p><span class=\"padrao\"><u><strong>Reproduzido da Ag&ecirc;ncia Brasil<\/strong><\/u><\/p>\n<p>O Minist&eacute;rio do Trabalho instituiu hoje (25) um grupo de estudo para propor altera&ccedil;&otilde;es na legisla&ccedil;&atilde;o a fim de regulamentar a profiss&atilde;o de jornalista.<\/p>\n<p>A comiss&atilde;o, criada por meio da Portaria n.&ordm; 342 publicada na edi&ccedil;&atilde;o de hoje do Di&aacute;rio Oficial da Uni&atilde;o, &quot;ter&aacute; tr&ecirc;s integrantes do Minist&eacute;rio do Trabalho, tr&ecirc;s representantes das categorias profissionais e tr&ecirc;s representantes das categorias econ&ocirc;micas&quot;.<\/p>\n<p>O grupo tem 90 dias para apresentar relat&oacute;rio final ao minist&eacute;rio.<\/span><\/p>\n","protected":false},"excerpt":{"rendered":"<p>Reproduzido da Ag&ecirc;ncia Brasil O Minist&eacute;rio do Trabalho instituiu hoje (25) um grupo de estudo para propor altera&ccedil;&otilde;es na legisla&ccedil;&atilde;o a fim de regulamentar a profiss&atilde;o de jornalista. A comiss&atilde;o, criada por meio da Portaria n.&ordm; 342 publicada na edi&ccedil;&atilde;o de hoje do Di&aacute;rio Oficial da Uni&atilde;o, &quot;ter&aacute; tr&ecirc;s integrantes do Minist&eacute;rio do Trabalho, tr&ecirc;s &hellip; <a href=\"https:\/\/obscom.intervozes.org.br\/?p=21572\" class=\"more-link\">Continue lendo <span class=\"screen-reader-text\">Minist\u00e9rio do Trabalho cria comiss\u00e3o para regulamentar profiss\u00e3o de jornalista<\/span> <span class=\"meta-nav\">&rarr;<\/span><\/a><\/p>\n","protected":false},"author":1,"featured_media":0,"comment_status":"open","ping_status":"open","sticky":false,"template":"","format":"standard","meta":{"footnotes":""},"categories":[39],"tags":[],"_links":{"self":[{"href":"https:\/\/obscom.intervozes.org.br\/index.php?rest_route=\/wp\/v2\/posts\/21572"}],"collection":[{"href":"https:\/\/obscom.intervozes.org.br\/index.php?rest_route=\/wp\/v2\/posts"}],"about":[{"href":"https:\/\/obscom.intervozes.org.br\/index.php?rest_route=\/wp\/v2\/types\/post"}],"author":[{"embeddable":true,"href":"https:\/\/obscom.intervozes.org.br\/index.php?rest_route=\/wp\/v2\/users\/1"}],"replies":[{"embeddable":true,"href":"https:\/\/obscom.intervozes.org.br\/index.php?rest_route=%2Fwp%2Fv2%2Fcomments&post=21572"}],"version-history":[{"count":0,"href":"https:\/\/obscom.intervozes.org.br\/index.php?rest_route=\/wp\/v2\/posts\/21572\/revisions"}],"wp:attachment":[{"href":"https:\/\/obscom.intervozes.org.br\/index.php?rest_route=%2Fwp%2Fv2%2Fmedia&parent=21572"}],"wp:term":[{"taxonomy":"category","embeddable":true,"href":"https:\/\/obscom.intervozes.org.br\/index.php?rest_route=%2Fwp%2Fv2%2Fcategories&post=21572"},{"taxonomy":"post_tag","embeddable":true,"href":"https:\/\/obscom.intervozes.org.br\/index.php?rest_route=%2Fwp%2Fv2%2Ftags&post=21572"}],"curies":[{"name":"wp","href":"https:\/\/api.w.org\/{rel}","templated":true}]}}