{"id":21568,"date":"2008-07-24T13:51:13","date_gmt":"2008-07-24T13:51:13","guid":{"rendered":"https:\/\/obscom.intervozes.org.br\/wordpress\/?p=21568"},"modified":"2008-07-24T13:51:13","modified_gmt":"2008-07-24T13:51:13","slug":"embratel-recorre-a-orgaos-de-defesa-da-concorrencia-para-impor-condicoes-a-fusao-brt-oi","status":"publish","type":"post","link":"https:\/\/obscom.intervozes.org.br\/?p=21568","title":{"rendered":"Embratel recorre a \u00f3rg\u00e3os de defesa da concorr\u00eancia para impor condi\u00e7\u00f5es \u00e0 fus\u00e3o BrT-Oi"},"content":{"rendered":"<p>   \t \t \t \t \t \t \t<!-- \t\t@page { margin: 2cm } \t\tP { margin-bottom: 0.21cm } \t--> \t   <\/p>\n<p style=\"margin-bottom: 0cm\" class=\"western\"><span class=\"padrao\">As grandes concession&aacute;rias de telefonia do pa&iacute;s come&ccedil;am a deixar mais claras suas posi&ccedil;&otilde;es em rela&ccedil;&atilde;o &agrave; fus&atilde;o entre Oi e Brasil Telecom. A Embratel, controlada pelo grupo Telmex, entrou esta semana com pedidos de impugna&ccedil;&atilde;o da opera&ccedil;&atilde;o nas secretarias de Direito Econ&ocirc;mico (SDE) e de Acompanhamento Econ&ocirc;mico (SAE) do Minist&eacute;rio da Justi&ccedil;a. Mas os pedidos s&atilde;o para que os &oacute;rg&atilde;os de defesa da concorr&ecirc;ncia imponham restri&ccedil;&otilde;es em &aacute;reas relacionadas &agrave;s telecomunica&ccedil;&otilde;es que v&atilde;o al&eacute;m do segmento de telefonia., n&atilde;o para barrar a opera&ccedil;&atilde;o de fus&atilde;o.<\/p>\n<p>Ou seja, a Embratel est&aacute; preocupada com os servi&ccedil;os de transmiss&atilde;o de dados, j&aacute; que ela &eacute; hoje a &uacute;nica a ter cobertura nacional para isso. O surgimento da BrT-Oi criaria uma rede nacional alternativa e poderia dificultar ainda mais o acesso da Embratel &agrave;s redes locais, dominadas pelas concorrentes. <\/p>\n<p>J&aacute; o presidente da Telef&oacute;nica, Ant&ocirc;nio Carlos Valente, parece menos preocupado. Ontem (23\/7), declarou que n&atilde;o acredita que as investiga&ccedil;&otilde;es da Pol&iacute;cia Federal sobre Daniel Dantas e o Grupo Oportunity, que incluem a negocia&ccedil;&atilde;o da BrT-Oi, v&aacute; impedir ou mesmo atrasar a revis&atilde;o do Plano Geral de Outorgas (PGO). As mudan&ccedil;as no PGO s&atilde;o condi&ccedil;&atilde;o para a fus&atilde;o e foram, inclusive, motivadas pelo an&uacute;ncio do neg&oacute;cio. Mas para Valente, &ldquo;no PGO haver&aacute; uma mudan&ccedil;a de regras que ser&aacute; feita em fun&ccedil;&atilde;o do processo de converg&ecirc;ncia e da consolida&ccedil;&atilde;o empresarial que acontece no mundo&rdquo;.<\/p>\n<p><em>Com informa&ccedil;&otilde;es de O Estado de S. Paulo.<\/em><\/span> <\/p>\n","protected":false},"excerpt":{"rendered":"<p>As grandes concession&aacute;rias de telefonia do pa&iacute;s come&ccedil;am a deixar mais claras suas posi&ccedil;&otilde;es em rela&ccedil;&atilde;o &agrave; fus&atilde;o entre Oi e Brasil Telecom. A Embratel, controlada pelo grupo Telmex, entrou esta semana com pedidos de impugna&ccedil;&atilde;o da opera&ccedil;&atilde;o nas secretarias de Direito Econ&ocirc;mico (SDE) e de Acompanhamento Econ&ocirc;mico (SAE) do Minist&eacute;rio da Justi&ccedil;a. Mas os &hellip; <a href=\"https:\/\/obscom.intervozes.org.br\/?p=21568\" class=\"more-link\">Continue lendo <span class=\"screen-reader-text\">Embratel recorre a \u00f3rg\u00e3os de defesa da concorr\u00eancia para impor condi\u00e7\u00f5es \u00e0 fus\u00e3o BrT-Oi<\/span> <span class=\"meta-nav\">&rarr;<\/span><\/a><\/p>\n","protected":false},"author":1,"featured_media":0,"comment_status":"open","ping_status":"open","sticky":false,"template":"","format":"standard","meta":{"footnotes":""},"categories":[39],"tags":[],"_links":{"self":[{"href":"https:\/\/obscom.intervozes.org.br\/index.php?rest_route=\/wp\/v2\/posts\/21568"}],"collection":[{"href":"https:\/\/obscom.intervozes.org.br\/index.php?rest_route=\/wp\/v2\/posts"}],"about":[{"href":"https:\/\/obscom.intervozes.org.br\/index.php?rest_route=\/wp\/v2\/types\/post"}],"author":[{"embeddable":true,"href":"https:\/\/obscom.intervozes.org.br\/index.php?rest_route=\/wp\/v2\/users\/1"}],"replies":[{"embeddable":true,"href":"https:\/\/obscom.intervozes.org.br\/index.php?rest_route=%2Fwp%2Fv2%2Fcomments&post=21568"}],"version-history":[{"count":0,"href":"https:\/\/obscom.intervozes.org.br\/index.php?rest_route=\/wp\/v2\/posts\/21568\/revisions"}],"wp:attachment":[{"href":"https:\/\/obscom.intervozes.org.br\/index.php?rest_route=%2Fwp%2Fv2%2Fmedia&parent=21568"}],"wp:term":[{"taxonomy":"category","embeddable":true,"href":"https:\/\/obscom.intervozes.org.br\/index.php?rest_route=%2Fwp%2Fv2%2Fcategories&post=21568"},{"taxonomy":"post_tag","embeddable":true,"href":"https:\/\/obscom.intervozes.org.br\/index.php?rest_route=%2Fwp%2Fv2%2Ftags&post=21568"}],"curies":[{"name":"wp","href":"https:\/\/api.w.org\/{rel}","templated":true}]}}