{"id":21566,"date":"2008-07-24T13:11:07","date_gmt":"2008-07-24T13:11:07","guid":{"rendered":"https:\/\/obscom.intervozes.org.br\/wordpress\/?p=21566"},"modified":"2008-07-24T13:11:07","modified_gmt":"2008-07-24T13:11:07","slug":"ministerio-publico-entrega-relatorio-sobre-a-morte-do-jornalista-luiz-carlos-barbon","status":"publish","type":"post","link":"https:\/\/obscom.intervozes.org.br\/?p=21566","title":{"rendered":"Minist\u00e9rio P\u00fablico entrega relat\u00f3rio sobre a morte do jornalista Luiz Carlos Barbon"},"content":{"rendered":"\n<p class=\"MsoNormal\"><span>O assassinato do jornalista Luiz Carlos Barbon Filho, ocorrido em seis de maio do ano passado, na cidade de Porto Ferreira (SP), j&aacute; tem conclu&iacute;da sua investiga&ccedil;&atilde;o. O promotor Gaspar Pereira Silva J&uacute;nior, do Grupo de Atua&ccedil;&atilde;o Especial Regional para Preven&ccedil;&atilde;o e Repress&atilde;o ao Crime Organizado (Gaerco), de Campinas (SP), encaminhou seu relat&oacute;rio final ao F&oacute;rum da cidade, no qual aponta cinco pessoas envolvidas no caso. Quatro delas pertencem &agrave; Pol&iacute;cia Militar (PM). O quinto envolvido &eacute; um comerciante local.<\/p>\n<p>Caso a tese do promotor n&atilde;o seja contestada por nenhuma das partes, o caso ser&aacute; levado &agrave; Justi&ccedil;a, que vai decidir se os suspeitos do crime ir&atilde;o a j&uacute;ri popular.&nbsp;Ricardo Ramos,&nbsp;advogado da fam&iacute;lia de Barbon, que atua como assistente da acusa&ccedil;&atilde;o, deve entregar sua pe&ccedil;a na pr&oacute;xima quinta-feira (23). Na seq&uuml;&ecirc;ncia, &eacute; aberto o prazo para que a defesa fa&ccedil;a suas considera&ccedil;&otilde;es. A previs&atilde;o &eacute; de que em no m&aacute;ximo 20 dias seja divulgada a decis&atilde;o do juiz.<\/p>\n<p>De acordo com as investiga&ccedil;&otilde;es do Minist&eacute;rio P&uacute;blico, a motiva&ccedil;&atilde;o para o crime seria den&uacute;ncias que o jornalista vinha fazendo sobre neglig&ecirc;ncia dos policiais na fiscaliza&ccedil;&atilde;o do com&eacute;rcio clandestino de cigarros contrabandeados. O processo corre em segredo de Justi&ccedil;a e todos os suspeitos est&atilde;o presos.<\/p>\n<p><strong>Entenda o caso<\/strong><\/p>\n<p>O jornalista Luiz Carlos Barbon foi executado em seis de maio, aos 37 anos, com dois tiros a queima-roupa, enquanto conversava com amigos no &quot;Bar das Araras&quot;, localizado na cidade de Porto Ferreira, interior de S&atilde;o Paulo. Barbon colaborava com o Jornal do Porto e o JC Regional, e era conhecido pelas den&uacute;ncias que publicava.<\/p>\n<p>Em 2003, o Barbon chegou &agrave;s finais da &quot;Categoria Regional&quot;, do Pr&ecirc;mio Esso de Jornalismo&quot;, em raz&atilde;o de mat&eacute;ria que denunciava a participa&ccedil;&atilde;o de pol&iacute;ticos e empres&aacute;rios da cidade de Porto Ferreira (SP) no aliciamento de menores.<a href=\"http:\/\/portalimprensa.uol.com.br\/busca\/?strBusca=Barbon&amp;Canal=0\"><\/p>\n<p>Clique aqui<\/a> e leia o que j&aacute; foi publicado sobre o &quot;Caso Barbon&quot;.<\/span><\/p>\n","protected":false},"excerpt":{"rendered":"<p>O assassinato do jornalista Luiz Carlos Barbon Filho, ocorrido em seis de maio do ano passado, na cidade de Porto Ferreira (SP), j&aacute; tem conclu&iacute;da sua investiga&ccedil;&atilde;o. O promotor Gaspar Pereira Silva J&uacute;nior, do Grupo de Atua&ccedil;&atilde;o Especial Regional para Preven&ccedil;&atilde;o e Repress&atilde;o ao Crime Organizado (Gaerco), de Campinas (SP), encaminhou seu relat&oacute;rio final ao &hellip; <a href=\"https:\/\/obscom.intervozes.org.br\/?p=21566\" class=\"more-link\">Continue lendo <span class=\"screen-reader-text\">Minist\u00e9rio P\u00fablico entrega relat\u00f3rio sobre a morte do jornalista Luiz Carlos Barbon<\/span> <span class=\"meta-nav\">&rarr;<\/span><\/a><\/p>\n","protected":false},"author":1,"featured_media":0,"comment_status":"open","ping_status":"open","sticky":false,"template":"","format":"standard","meta":{"footnotes":""},"categories":[40],"tags":[430],"_links":{"self":[{"href":"https:\/\/obscom.intervozes.org.br\/index.php?rest_route=\/wp\/v2\/posts\/21566"}],"collection":[{"href":"https:\/\/obscom.intervozes.org.br\/index.php?rest_route=\/wp\/v2\/posts"}],"about":[{"href":"https:\/\/obscom.intervozes.org.br\/index.php?rest_route=\/wp\/v2\/types\/post"}],"author":[{"embeddable":true,"href":"https:\/\/obscom.intervozes.org.br\/index.php?rest_route=\/wp\/v2\/users\/1"}],"replies":[{"embeddable":true,"href":"https:\/\/obscom.intervozes.org.br\/index.php?rest_route=%2Fwp%2Fv2%2Fcomments&post=21566"}],"version-history":[{"count":0,"href":"https:\/\/obscom.intervozes.org.br\/index.php?rest_route=\/wp\/v2\/posts\/21566\/revisions"}],"wp:attachment":[{"href":"https:\/\/obscom.intervozes.org.br\/index.php?rest_route=%2Fwp%2Fv2%2Fmedia&parent=21566"}],"wp:term":[{"taxonomy":"category","embeddable":true,"href":"https:\/\/obscom.intervozes.org.br\/index.php?rest_route=%2Fwp%2Fv2%2Fcategories&post=21566"},{"taxonomy":"post_tag","embeddable":true,"href":"https:\/\/obscom.intervozes.org.br\/index.php?rest_route=%2Fwp%2Fv2%2Ftags&post=21566"}],"curies":[{"name":"wp","href":"https:\/\/api.w.org\/{rel}","templated":true}]}}