{"id":21565,"date":"2008-07-23T18:30:42","date_gmt":"2008-07-23T18:30:42","guid":{"rendered":"https:\/\/obscom.intervozes.org.br\/wordpress\/?p=21565"},"modified":"2008-07-23T18:30:42","modified_gmt":"2008-07-23T18:30:42","slug":"pesquisa-expoe-demora-nos-processos-de-autorizacao","status":"publish","type":"post","link":"https:\/\/obscom.intervozes.org.br\/?p=21565","title":{"rendered":"Pesquisa exp\u00f5e demora nos processos de autoriza\u00e7\u00e3o"},"content":{"rendered":"<p><!-- \t\t@page { margin: 2cm } \t\tP { margin-bottom: 0.21cm } \t--> \t      <\/p>\n<p style=\"margin-bottom: 0cm\" class=\"western padrao\">Divulgado no final do ano passado, o Aviso de Habilita&ccedil;&atilde;o 06\/2007 para inscri&ccedil;&atilde;o de entidades interessadas em executar servi&ccedil;o de radiodifus&atilde;o comunit&aacute;ria em 950 localidades encerrou-se no dia 3 de mar&ccedil;o. O prazo de inscri&ccedil;&atilde;o, estendido por duas vezes, completou noventa dias e teve a ades&atilde;o de 751 entidades em 25 estados do pa&iacute;s. Uma observa&ccedil;&atilde;o atenta dos n&uacute;meros divulgados pelo Minist&eacute;rio das Comunica&ccedil;&otilde;es revela, contudo, n&atilde;o apenas o mapa de distribui&ccedil;&atilde;o da demanda por emissoras comunit&aacute;rias pelo Brasil, mas tamb&eacute;m e especialmente a lentid&atilde;o dos processos. <\/p>\n<p>Levantamento realizado pelo <strong>Observat&oacute;rio do Direito &agrave; Comunica&ccedil;&atilde;o <\/strong>demonstra que uma em cada quatro das solicita&ccedil;&otilde;es registradas neste processo de habilita&ccedil;&atilde;o est&aacute; h&aacute; mais de 5 anos tramitando dentro do minist&eacute;rio. Alguns dos processos registrados pelo minist&eacute;rio na lista das entidades inscritas t&ecirc;m data, inclusive, anterior &agrave; aprova&ccedil;&atilde;o da Lei da Radiodifus&atilde;o Comunit&aacute;ria (9.612) em 1998.<\/p>\n<p>Para o Aviso 06\/2007, divulgado em 4 de dezembro de 2007, o Minist&eacute;rio das Comunica&ccedil;&otilde;es considerou automaticamente inclu&iacute;das no processos as entidades que j&aacute; requeriam autoriza&ccedil;&atilde;o em alguma das localidades atendidas pelo aviso. As associa&ccedil;&otilde;es nesta situa&ccedil;&atilde;o somaram 414, ou 55% do total de entidades inscrita. As demais (45%) est&atilde;o registradas com data de 2008, sendo resultado direto da abertura do processo de legaliza&ccedil;&atilde;o.<\/p>\n<p>Os 337 processos iniciados em 2008 representam um aumento expressivo em rela&ccedil;&atilde;o aos anos anteriores. De 1998 a 2007, a m&eacute;dia de entidades requerentes ficava em torno de 37 por ano, com um aumento significativo nos dois &uacute;ltimos. <\/p>\n<p>Entre <span style=\"font-style: normal\">1998 e 2000, o levantamento feito pelo <strong>Observat&oacute;rio<\/strong> aponta 97 processos sem conclus&atilde;o at&eacute; a data presente. O tempo de espera de muitas associa&ccedil;&otilde;es chega h&aacute; 10 anos.<\/span><\/p>\n<p>Um elemento importante para a demora na condu&ccedil;&atilde;o dos processos &eacute;, certamente, o alto grau de burocracia presente nas inst&acirc;ncias governamentais, aliado &agrave; defasada estrutura do Minist&eacute;rio das Comunica&ccedil;&otilde;es, abarrotado de processos para poucos funcion&aacute;rios administrarem. <span style=\"font-style: normal\"><br \/><\/span><br \/><strong>Restri&ccedil;&atilde;o &agrave; liberdade de express&atilde;o<\/p>\n<p><\/strong>Sens&iacute;vel &agrave; quest&atilde;o da lentid&atilde;o dos &oacute;rg&atilde;os competentes, a Justi&ccedil;a Federal do Piau&iacute; deferiu liminar proposta pelo Minist&eacute;rio P&uacute;blico Federal daquele estado e deu prazo m&aacute;ximo de 120 dias para que o Minist&eacute;rio das Comunica&ccedil;&otilde;es aprecie os pedidos de autoriza&ccedil;&atilde;o para a explora&ccedil;&atilde;o dos servi&ccedil;os de radiodifus&atilde;o, formulados pelas associa&ccedil;&otilde;es comunit&aacute;rias do Piau&iacute;, pendentes h&aacute; mais de 18 meses. <\/p>\n<p>A a&ccedil;&atilde;o civil p&uacute;blica movida pelo procurador da Rep&uacute;blica Kelston Pinheiro Lages contra a Uni&atilde;o escancara justamente a incapacidade do minist&eacute;rio de encaminhar os processos, o que, segundo a argumenta&ccedil;&atilde;o do MPF\/PI, impede o exerc&iacute;cio da liberdade de express&atilde;o e comunica&ccedil;&atilde;o, assegurados pela Constitui&ccedil;&atilde;o Federal.<\/p>\n<p>A&ccedil;&atilde;o semelhante foi movida pelo Minist&eacute;rio P&uacute;blico no Maranh&atilde;o. L&aacute;, a Justi&ccedil;a Federal determinou prazo de 45 dias para a solu&ccedil;&atilde;o dos problemas.<\/p>\n<p>&ldquo;A A&ccedil;&atilde;o Civil P&uacute;blica no Piau&iacute; vem pra fazer justi&ccedil;a. As associa&ccedil;&otilde;es v&ecirc;m cumprindo o que a p&eacute;ssima lei solicita, mas a pr&oacute;pria burocracia n&atilde;o cumpre o que est&aacute; previsto na lei&rdquo;, afirma Sofia Hammoe, da Associa&ccedil;&atilde;o Mundial de R&aacute;dios Comunit&aacute;rias (Amarc). &ldquo;Tanto que v&aacute;rias associa&ccedil;&otilde;es est&atilde;o esperando um parecer a 10 anos&rdquo;, continua. <\/p>\n<p>Para ela, as r&aacute;dios comunit&aacute;rias s&atilde;o os &uacute;nicos meios para que uma comunidade possa colocar sua &ldquo;vis&atilde;o de mundo&rdquo; em evid&ecirc;ncia e, portanto, se a burocracia &eacute; ineficiente, este direito est&aacute; sendo cerceado.<\/p>\n<p>&Eacute; o que tamb&eacute;m acredita Paula Martins, da ONG Artigo 19, associa&ccedil;&atilde;o internacional que trabalha na defesa da liberdade de express&atilde;o. Para ela, seguindo os padr&otilde;es internacionais, as obriga&ccedil;&otilde;es do Estado brasileiro est&atilde;o bastante aqu&eacute;m da necess&aacute;ria garantia dos direitos humanos. &ldquo;Existe uma clara viola&ccedil;&atilde;o por parte do Estado, que aparenta ser proposital&rdquo;, afirma. <\/p>\n<p>Paula explica que existe uma situa&ccedil;&atilde;o geral de manuten&ccedil;&atilde;o de irregularidades, pois n&atilde;o parece ser do interesse do minist&eacute;rio resolver a quest&atilde;o das r&aacute;dios comunit&aacute;rias. &ldquo;A comunica&ccedil;&atilde;o comunit&aacute;ria n&atilde;o &eacute; uma prioridade para o governo.&rdquo; Al&eacute;m disso, os tr&acirc;mites legislativos s&atilde;o tantos que criam uma ambiente de situa&ccedil;&otilde;es desnecess&aacute;rias.<\/p>\n<p>O ministro das Comunica&ccedil;&otilde;es H&eacute;lio Costa admite que existe uma defasagem em seu quadro de funcion&aacute;rios. Para amenizar o problema, criou-se uma for&ccedil;a-tarefa para agilizar a an&aacute;lise dos processos. &ldquo;Temos que reconhecer o esfor&ccedil;o, mas isso deveria ter sido feito h&aacute; muito tempo, e foi pouco&rdquo;, diz Sofia. A coordenadora da Amarc ainda lembra que existem processos que acabam seguindo crit&eacute;rios diferentes, ou seja, aqueles que tem pol&iacute;ticos e igrejas envolvidas. &ldquo;Sabemos que existem autoriza&ccedil;&otilde;es que saem rapidinho.&rdquo;<\/p>\n","protected":false},"excerpt":{"rendered":"<p>Uma em cada quatro entidades inscritas em processo especial, que visa legalizar emissoras em 950 localidades, aguarda por decis\u00e3o do Minist\u00e9rio das Comunica\u00e7\u00f5es h\u00e1 mais de 5 anos<\/p>\n","protected":false},"author":1,"featured_media":0,"comment_status":"open","ping_status":"open","sticky":false,"template":"","format":"standard","meta":{"footnotes":""},"categories":[40],"tags":[786],"_links":{"self":[{"href":"https:\/\/obscom.intervozes.org.br\/index.php?rest_route=\/wp\/v2\/posts\/21565"}],"collection":[{"href":"https:\/\/obscom.intervozes.org.br\/index.php?rest_route=\/wp\/v2\/posts"}],"about":[{"href":"https:\/\/obscom.intervozes.org.br\/index.php?rest_route=\/wp\/v2\/types\/post"}],"author":[{"embeddable":true,"href":"https:\/\/obscom.intervozes.org.br\/index.php?rest_route=\/wp\/v2\/users\/1"}],"replies":[{"embeddable":true,"href":"https:\/\/obscom.intervozes.org.br\/index.php?rest_route=%2Fwp%2Fv2%2Fcomments&post=21565"}],"version-history":[{"count":0,"href":"https:\/\/obscom.intervozes.org.br\/index.php?rest_route=\/wp\/v2\/posts\/21565\/revisions"}],"wp:attachment":[{"href":"https:\/\/obscom.intervozes.org.br\/index.php?rest_route=%2Fwp%2Fv2%2Fmedia&parent=21565"}],"wp:term":[{"taxonomy":"category","embeddable":true,"href":"https:\/\/obscom.intervozes.org.br\/index.php?rest_route=%2Fwp%2Fv2%2Fcategories&post=21565"},{"taxonomy":"post_tag","embeddable":true,"href":"https:\/\/obscom.intervozes.org.br\/index.php?rest_route=%2Fwp%2Fv2%2Ftags&post=21565"}],"curies":[{"name":"wp","href":"https:\/\/api.w.org\/{rel}","templated":true}]}}