{"id":21561,"date":"2008-07-23T16:26:04","date_gmt":"2008-07-23T16:26:04","guid":{"rendered":"https:\/\/obscom.intervozes.org.br\/wordpress\/?p=21561"},"modified":"2008-07-23T16:26:04","modified_gmt":"2008-07-23T16:26:04","slug":"abril-pede-reabertura-de-processo-contra-globo-por-veto-a-programacao-nacional-na-sky","status":"publish","type":"post","link":"https:\/\/obscom.intervozes.org.br\/?p=21561","title":{"rendered":"Abril pede reabertura de processo contra Globo por veto \u00e0 programa\u00e7\u00e3o nacional na Sky"},"content":{"rendered":"<p>   \t \t \t \t \t \t \t<!-- \t\t@page { margin: 2cm } \t\tP { margin-bottom: 0.21cm } \t--> \t    <\/p>\n<p style=\"margin-bottom: 0cm\" class=\"western padrao\">O Grupo Abril solicitou ontem (22\/7) &agrave; presidente do Conselho Administrativo de Defesa Econ&ocirc;mica (Cade), Elizabeth Farina, o desarquivamento da den&uacute;ncia contra o Grupo Globo, por suposto uso de poder de veto indireto na compra de conte&uacute;do nacional pela Sky . A a&ccedil;&atilde;o inicial foi motivada pela n&atilde;o-renova&ccedil;&atilde;o do contrato entre a Sky e a Abril para distribui&ccedil;&atilde;o da MTV Brasil.<\/p>\n<p>A pr&aacute;tica de veto &eacute; vedada pelo &oacute;rg&atilde;o. A proibi&ccedil;&atilde;o faz parte dos Atos de Concentra&ccedil;&atilde;o aprovados pelo Cade e que permitiram a compra da DirecTV pela Sky.<\/p>\n<p>No seu primeiro despacho, Elizabeth Farina concluiu que os elementos apresentados pelos Canais Abril eram insuficientes para comprovar o descumprimento da decis&atilde;o do Cade. <\/p>\n<p>O Grupo Abril afirma que seus canais (MTV, FizTV e Ideal) n&atilde;o s&atilde;o inclu&iacute;dos no line-up (lista de canais ofertados ao assinante) da Net e da Sky porque a a Globo, que &eacute; acionista das duas operadoras, bloqueia os concorrentes ao canais da sua programadora, a Globosat.<\/p>\n<p><em>Com informa&ccedil;&otilde;es da Tele.S&iacute;ntese<\/em><\/p>\n","protected":false},"excerpt":{"rendered":"<p>O Grupo Abril solicitou ontem (22\/7) &agrave; presidente do Conselho Administrativo de Defesa Econ&ocirc;mica (Cade), Elizabeth Farina, o desarquivamento da den&uacute;ncia contra o Grupo Globo, por suposto uso de poder de veto indireto na compra de conte&uacute;do nacional pela Sky . A a&ccedil;&atilde;o inicial foi motivada pela n&atilde;o-renova&ccedil;&atilde;o do contrato entre a Sky e a &hellip; <a href=\"https:\/\/obscom.intervozes.org.br\/?p=21561\" class=\"more-link\">Continue lendo <span class=\"screen-reader-text\">Abril pede reabertura de processo contra Globo por veto \u00e0 programa\u00e7\u00e3o nacional na Sky<\/span> <span class=\"meta-nav\">&rarr;<\/span><\/a><\/p>\n","protected":false},"author":1,"featured_media":0,"comment_status":"open","ping_status":"open","sticky":false,"template":"","format":"standard","meta":{"footnotes":""},"categories":[39],"tags":[],"_links":{"self":[{"href":"https:\/\/obscom.intervozes.org.br\/index.php?rest_route=\/wp\/v2\/posts\/21561"}],"collection":[{"href":"https:\/\/obscom.intervozes.org.br\/index.php?rest_route=\/wp\/v2\/posts"}],"about":[{"href":"https:\/\/obscom.intervozes.org.br\/index.php?rest_route=\/wp\/v2\/types\/post"}],"author":[{"embeddable":true,"href":"https:\/\/obscom.intervozes.org.br\/index.php?rest_route=\/wp\/v2\/users\/1"}],"replies":[{"embeddable":true,"href":"https:\/\/obscom.intervozes.org.br\/index.php?rest_route=%2Fwp%2Fv2%2Fcomments&post=21561"}],"version-history":[{"count":0,"href":"https:\/\/obscom.intervozes.org.br\/index.php?rest_route=\/wp\/v2\/posts\/21561\/revisions"}],"wp:attachment":[{"href":"https:\/\/obscom.intervozes.org.br\/index.php?rest_route=%2Fwp%2Fv2%2Fmedia&parent=21561"}],"wp:term":[{"taxonomy":"category","embeddable":true,"href":"https:\/\/obscom.intervozes.org.br\/index.php?rest_route=%2Fwp%2Fv2%2Fcategories&post=21561"},{"taxonomy":"post_tag","embeddable":true,"href":"https:\/\/obscom.intervozes.org.br\/index.php?rest_route=%2Fwp%2Fv2%2Ftags&post=21561"}],"curies":[{"name":"wp","href":"https:\/\/api.w.org\/{rel}","templated":true}]}}