{"id":21560,"date":"2008-07-23T16:16:57","date_gmt":"2008-07-23T16:16:57","guid":{"rendered":"https:\/\/obscom.intervozes.org.br\/wordpress\/?p=21560"},"modified":"2008-07-23T16:16:57","modified_gmt":"2008-07-23T16:16:57","slug":"oi-ja-controla-um-terco-das-acoes-da-brt","status":"publish","type":"post","link":"https:\/\/obscom.intervozes.org.br\/?p=21560","title":{"rendered":"Oi j\u00e1 controla um ter\u00e7o das a\u00e7\u00f5es da BrT"},"content":{"rendered":"<p>   \t \t \t \t \t \t \t<!-- \t\t@page { margin: 2cm } \t\tP { margin-bottom: 0.21cm } \t--> \t  <\/p>\n<p style=\"margin-bottom: 0cm\" class=\"western\">A Oi j&aacute; &eacute; dona de um ter&ccedil;o das a&ccedil;&otilde;es preferenciais da Brasil Telecom Participa&ccedil;&otilde;es S.A. e da Brasil Telecom S.A. A compra de mais um bloco de a&ccedil;&otilde;es foi realizada ontem, atrav&eacute;s de leil&otilde;es de Ofertas P&uacute;blicas Volunt&aacute;rias. A Oi desembolsou R$ 948 milh&otilde;es. A compra faz parte do processo de aquisi&ccedil;&atilde;o do controle da BrT pela Oi. <\/p>\n<p>A fus&atilde;o, entretanto, ainda depende de mudan&ccedil;as nas regras que determinam a divis&atilde;o do territ&oacute;rio nacional entre as diferentes concession&aacute;rias de telefonia fixa. A atual reda&ccedil;&atilde;o do Plano Geral de Outorgas (PGO) impede que uma mesma empresa seja concession&aacute;rias de duas diferentes regi&otilde;es.<\/p>\n<p>As mudan&ccedil;as no PGO propostas pelo Conselho Diretor da Ag&ecirc;ncia Nacional de Telecomunica&ccedil;&otilde;es (Anatel) encontram-se em processo de consulta p&uacute;blica.<\/p>\n<p><em>Com informa&ccedil;&otilde;es da Teletime News<\/em><\/p>\n","protected":false},"excerpt":{"rendered":"<p>A Oi j&aacute; &eacute; dona de um ter&ccedil;o das a&ccedil;&otilde;es preferenciais da Brasil Telecom Participa&ccedil;&otilde;es S.A. e da Brasil Telecom S.A. A compra de mais um bloco de a&ccedil;&otilde;es foi realizada ontem, atrav&eacute;s de leil&otilde;es de Ofertas P&uacute;blicas Volunt&aacute;rias. A Oi desembolsou R$ 948 milh&otilde;es. A compra faz parte do processo de aquisi&ccedil;&atilde;o do controle &hellip; <a href=\"https:\/\/obscom.intervozes.org.br\/?p=21560\" class=\"more-link\">Continue lendo <span class=\"screen-reader-text\">Oi j\u00e1 controla um ter\u00e7o das a\u00e7\u00f5es da BrT<\/span> <span class=\"meta-nav\">&rarr;<\/span><\/a><\/p>\n","protected":false},"author":1,"featured_media":0,"comment_status":"open","ping_status":"open","sticky":false,"template":"","format":"standard","meta":{"footnotes":""},"categories":[39],"tags":[],"_links":{"self":[{"href":"https:\/\/obscom.intervozes.org.br\/index.php?rest_route=\/wp\/v2\/posts\/21560"}],"collection":[{"href":"https:\/\/obscom.intervozes.org.br\/index.php?rest_route=\/wp\/v2\/posts"}],"about":[{"href":"https:\/\/obscom.intervozes.org.br\/index.php?rest_route=\/wp\/v2\/types\/post"}],"author":[{"embeddable":true,"href":"https:\/\/obscom.intervozes.org.br\/index.php?rest_route=\/wp\/v2\/users\/1"}],"replies":[{"embeddable":true,"href":"https:\/\/obscom.intervozes.org.br\/index.php?rest_route=%2Fwp%2Fv2%2Fcomments&post=21560"}],"version-history":[{"count":0,"href":"https:\/\/obscom.intervozes.org.br\/index.php?rest_route=\/wp\/v2\/posts\/21560\/revisions"}],"wp:attachment":[{"href":"https:\/\/obscom.intervozes.org.br\/index.php?rest_route=%2Fwp%2Fv2%2Fmedia&parent=21560"}],"wp:term":[{"taxonomy":"category","embeddable":true,"href":"https:\/\/obscom.intervozes.org.br\/index.php?rest_route=%2Fwp%2Fv2%2Fcategories&post=21560"},{"taxonomy":"post_tag","embeddable":true,"href":"https:\/\/obscom.intervozes.org.br\/index.php?rest_route=%2Fwp%2Fv2%2Ftags&post=21560"}],"curies":[{"name":"wp","href":"https:\/\/api.w.org\/{rel}","templated":true}]}}