{"id":21558,"date":"2008-07-23T15:52:07","date_gmt":"2008-07-23T15:52:07","guid":{"rendered":"https:\/\/obscom.intervozes.org.br\/wordpress\/?p=21558"},"modified":"2008-07-23T15:52:07","modified_gmt":"2008-07-23T15:52:07","slug":"pesquisadores-criticam-regulacao-de-midias-digitais-por-favorecer-empresas","status":"publish","type":"post","link":"https:\/\/obscom.intervozes.org.br\/?p=21558","title":{"rendered":"Pesquisadores criticam regula\u00e7\u00e3o de m\u00eddias digitais por favorecer empresas"},"content":{"rendered":"<p>   \t \t \t \t \t \t \t<!-- \t\t@page { margin: 2cm } \t\tP { margin-bottom: 0.21cm } \t--> \t  <\/p>\n<p style=\"margin-bottom: 0cm; page-break-before: always\" class=\"western padrao\">No simp&oacute;sio M&iacute;dias digitais de massa: regula&ccedil;&atilde;o, tecnologia e democracia, Sergio Bambi, da Ufrgs, alertou com rela&ccedil;&atilde;o &agrave; correla&ccedil;&atilde;o de for&ccedil;as do setor, que para ele favorece hoje &quot;a afirma&ccedil;&atilde;o de garantia de mercado por monop&oacute;lio ou quase oligop&oacute;lio. A sociedade est&aacute; muito passiva. A SBPC n&atilde;o tem se manifestado&quot; &ndash; afirmou -, no evento realizado quinta-feira na 60&ordf; Reuni&atilde;o Anual da SBPC.<\/p>\n<p>&quot;A sociedade tem que se mobilizar para fazer uma regula&ccedil;&atilde;o que atenda ao seu interesse, a democratiza&ccedil;&atilde;o da informa&ccedil;&atilde;o&quot;, assinalou Bambi, do Instituto de Inform&aacute;tica da Ufrgs. Segundo ele, parece que os extraterrestres abduziram a capacidade de pensar da sociedade brasileira deste caso. &quot;A SBPC pautou este simp&oacute;sio porque a comunica&ccedil;&atilde;o social &eacute; uma fronteira essencial para a democracia&quot;, informou.<\/p>\n<p>Bambi avalia que a regula&ccedil;&atilde;o vigente privilegia as possibilidades de expans&atilde;o de neg&oacute;cios num cen&aacute;rio de excessiva concentra&ccedil;&atilde;o. &quot;Na regula&ccedil;&atilde;o da TV a cabo, fomos muito atrasados e pouco participativos&quot;, assinalou. &quot;Estamos discutindo um quarto poder. Agora estamos vendo o &uacute;ltimo enlace que est&aacute; sendo digitalizado, a transmiss&atilde;o da TV aberta que atinge toda sociedade. &Eacute; preciso a participa&ccedil;&atilde;o da comunidade cient&iacute;fica para discuss&atilde;o desse tema que &eacute; central para a democracia&quot;.<\/p>\n<p>Como exemplo do efeito da regula&ccedil;&atilde;o que favorece mais as empresas que o usu&aacute;rio, Marcelo Zuffo, da USP, disse que se algu&eacute;m comprar um hotspot (ponto de acesso) Wi Max que transmite o sinal de internet com alcance de 15 Km e custa US$ 250 em Miami n&atilde;o vai poder us&aacute;-lo no Brasil. Como ele mora a 8 Km da USP, onde coordena o Laborat&oacute;rio de Meios Interativos do Instituto de Polit&eacute;cnica , conta que poderia usar a sua pr&oacute;pria banda para acesso &agrave; internet nos dois pontos. &quot;Uma tecnologia desta poderia at&eacute; ser econ&ocirc;mica&quot;, avalia.<\/p>\n<p>Todavia, a concess&atilde;o dada pela Anatel n&atilde;o prev&ecirc; para as outras empresas o chamado territ&oacute;rio de investimento, que permitiria operar com Wi Max, explica Zuffo. &quot;A Intel lan&ccedil;ou o centrino Wi Max no Brasil, mas sem Wi Max, porque tem medo de tomar uma bordoada da Anatel. Mas se algu&eacute;m comprar um Centrino 2 e trouxer de Miami, como vai ser?&quot; &#8211; questiona. &quot;Quem compra vai estar ilegal com a Anatel&quot;.<\/p>\n<p>Outra tecnologia de US$ 100 que Zuffo disse ter visto no mercado internacional permite plugar v&iacute;deo no laptop para ser visto por outros aparelhos, uma pequena esta&ccedil;&atilde;o de TV completa, que no Brasil se tornaria ilegal. O pesquisador disse que por quatro anos participou do processo da TV digital no Brasil, acreditando no princ&iacute;pio que rege a SBPC e a Universidade, da capacidade da ci&ecirc;ncia transformar a sociedade. &quot;A dimens&atilde;o social e pol&iacute;tica predominou&quot;, concluiu. &quot;Com a din&acirc;mica da TV digital, a comunidade cient&iacute;fica espertou de um sono profundo&quot;, observa.<\/p>\n<p>O superintendente de Servi&ccedil;os de Comunica&ccedil;&atilde;o de Massa da Anatel, Ara Apkar Minassian, ressalvou que a pol&iacute;tica no setor &eacute; feita pelo Congresso e pelo Executivo; cabe &agrave; ag&ecirc;ncia implementar. &quot;Gravitei no Congresso e n&atilde;o vi ningu&eacute;m da academia discutindo isso&quot;, pontuou. Um convite foi feito por ele aos pesquisadores: &quot;voc&ecirc;s podem pleitear, mandar nomes, ter uma pessoa no Conselho Consultivo da Anatel e apresentar id&eacute;ias&quot;.<\/p>\n<p>Na sua apresenta&ccedil;&atilde;o, Ara Minassian, mostrou como os pesquisadores podem participar das Comiss&otilde;es Brasileiras de Comunica&ccedil;&atilde;o (CBC&#39;s), inst&acirc;ncia da Anatel que realiza estudos e an&aacute;lise, entre outros itens. Para ele, &quot;essa foi uma indireta &agrave; academia&quot;.<\/p>\n<p>Podem participar das CBCs, entre outros segmentos as organiza&ccedil;&otilde;es cient&iacute;ficas e industriais, empresas de consultoria e de presta&ccedil;&atilde;o de servi&ccedil;os especializados, institui&ccedil;&otilde;es de ensino, pesquisa e desenvolvimento e profissionais que atuam sozinhos ou no &acirc;mbito de organiza&ccedil;&otilde;es em &aacute;reas ligadas &agrave;s telecomunica&ccedil;&otilde;es, consultores, professores ou pesquisadores.<\/p>\n<p>Ara Minassian disse que a Anatel vai tirar qualquer limite para operadoras de TV a cabo, ao permitir que at&eacute; 30 se instalem nas cidades grandes. &quot;Vamos deixar que eles briguem este si, mas que n&atilde;o seja a briga depredat&oacute;ria e traga benef&iacute;cios para o consumidor e a sociedade&quot;. No segundo semestre, segundo Ara, vai come&ccedil;ar a funcionar o Comit&ecirc; de usu&aacute;rios de todos os servi&ccedil;os no &acirc;mbito da Anatel.<\/p>\n<p>A inclus&atilde;o digital n&atilde;o acontece por decretos, assinala Sergio Bambi. &quot;Pa&iacute;ses sem ind&uacute;stria eletr&ocirc;nica e ind&uacute;stria de software ficam de fora da apropria&ccedil;&atilde;o dos ganhos da evolu&ccedil;&atilde;o da TV anal&oacute;gica para a digital&quot;. A ind&uacute;stria eletro-eletr&ocirc;nica no Brasil importa US$ 24 bilh&otilde;es por ano importa US$ 3,8 bilh&otilde;es por ano em componentes semicondutores.<\/p>\n<p>De acordo com tese defendida em junho na USP, citada por Zuffo, o Brasil tinha um dos piores sinais de transmiss&atilde;o de TV anal&oacute;gica do mundo. Em S&atilde;o Paulo, segundo ele, 80% das TV recebiam sinais abaixo dos padr&otilde;es minimamente aceit&aacute;veis.<\/p>\n<p>&quot;A digitaliza&ccedil;&atilde;o resolveu o problema, com eleva&ccedil;&atilde;o da qualidade do sinal ao m&aacute;ximo&quot;, afirma Zuffo. Todavia, o pesquisador da USP avalia que pelo modo como ocorre a digitaliza&ccedil;&atilde;o, vai sobrar espectro. &quot;Sobra sinal de alta defini&ccedil;&atilde;o. A legisla&ccedil;&atilde;o &eacute; omissa&quot;.<\/p>\n","protected":false},"excerpt":{"rendered":"<p>No simp&oacute;sio M&iacute;dias digitais de massa: regula&ccedil;&atilde;o, tecnologia e democracia, Sergio Bambi, da Ufrgs, alertou com rela&ccedil;&atilde;o &agrave; correla&ccedil;&atilde;o de for&ccedil;as do setor, que para ele favorece hoje &quot;a afirma&ccedil;&atilde;o de garantia de mercado por monop&oacute;lio ou quase oligop&oacute;lio. A sociedade est&aacute; muito passiva. A SBPC n&atilde;o tem se manifestado&quot; &ndash; afirmou -, no evento &hellip; <a href=\"https:\/\/obscom.intervozes.org.br\/?p=21558\" class=\"more-link\">Continue lendo <span class=\"screen-reader-text\">Pesquisadores criticam regula\u00e7\u00e3o de m\u00eddias digitais por favorecer empresas<\/span> <span class=\"meta-nav\">&rarr;<\/span><\/a><\/p>\n","protected":false},"author":1,"featured_media":0,"comment_status":"open","ping_status":"open","sticky":false,"template":"","format":"standard","meta":{"footnotes":""},"categories":[40],"tags":[821],"_links":{"self":[{"href":"https:\/\/obscom.intervozes.org.br\/index.php?rest_route=\/wp\/v2\/posts\/21558"}],"collection":[{"href":"https:\/\/obscom.intervozes.org.br\/index.php?rest_route=\/wp\/v2\/posts"}],"about":[{"href":"https:\/\/obscom.intervozes.org.br\/index.php?rest_route=\/wp\/v2\/types\/post"}],"author":[{"embeddable":true,"href":"https:\/\/obscom.intervozes.org.br\/index.php?rest_route=\/wp\/v2\/users\/1"}],"replies":[{"embeddable":true,"href":"https:\/\/obscom.intervozes.org.br\/index.php?rest_route=%2Fwp%2Fv2%2Fcomments&post=21558"}],"version-history":[{"count":0,"href":"https:\/\/obscom.intervozes.org.br\/index.php?rest_route=\/wp\/v2\/posts\/21558\/revisions"}],"wp:attachment":[{"href":"https:\/\/obscom.intervozes.org.br\/index.php?rest_route=%2Fwp%2Fv2%2Fmedia&parent=21558"}],"wp:term":[{"taxonomy":"category","embeddable":true,"href":"https:\/\/obscom.intervozes.org.br\/index.php?rest_route=%2Fwp%2Fv2%2Fcategories&post=21558"},{"taxonomy":"post_tag","embeddable":true,"href":"https:\/\/obscom.intervozes.org.br\/index.php?rest_route=%2Fwp%2Fv2%2Ftags&post=21558"}],"curies":[{"name":"wp","href":"https:\/\/api.w.org\/{rel}","templated":true}]}}