{"id":21551,"date":"2008-07-21T14:48:23","date_gmt":"2008-07-21T14:48:23","guid":{"rendered":"https:\/\/obscom.intervozes.org.br\/wordpress\/?p=21551"},"modified":"2014-09-07T02:56:27","modified_gmt":"2014-09-07T02:56:27","slug":"mudancas-nas-telecomunicacoes-enfraquecem-telefonia-fixa","status":"publish","type":"post","link":"https:\/\/obscom.intervozes.org.br\/?p=21551","title":{"rendered":"Mudan\u00e7as nas telecomunica\u00e7\u00f5es enfraquecem telefonia fixa"},"content":{"rendered":"<p>   \t \t \t \t \t \t \t<!-- \t\t@page { margin: 2cm } \t\tP { margin-bottom: 0.21cm } \t--> \t       <\/p>\n<p style=\"margin-bottom: 0cm\" class=\"western padrao\">O processo de reorganiza&ccedil;&atilde;o do ambiente das telecomunica&ccedil;&otilde;es em curso no pa&iacute;s tem tido como foco central o fortalecimento da capacidade de oferta de banda larga &agrave; popula&ccedil;&atilde;o. Do acordo que selou a atualiza&ccedil;&atilde;o do Plano Geral de Metas de Universaliza&ccedil;&atilde;o (PGMU) ao debate sobre a mudan&ccedil;a nos planos Geral de Outorgas (PGO) e de Atualiza&ccedil;&atilde;o dos Regulamentos de Telecomunica&ccedil;&otilde;es (PGR), a aten&ccedil;&atilde;o dos dirigentes do governo federal e da Ag&ecirc;ncia Nacional de Telecomunica&ccedil;&otilde;es (Anatel) tem se voltado ao aproveitamento das redes de telefonia fixa (STFC) para instala&ccedil;&atilde;o de uma infra-estrutura de acesso &agrave; rede mundial de computadores em alta velocidade. <\/p>\n<p>A diretriz foi exposta no Of&iacute;cio 11\/2008 do Minist&eacute;rio das Comunica&ccedil;&otilde;es, que exp&ocirc;s &agrave; Anatel a pol&iacute;tica da pasta para a revis&atilde;o do PGO e do PGR. O documento argumenta que &ldquo;a evolu&ccedil;&atilde;o tecnol&oacute;gica das telecomunica&ccedil;&otilde;es no per&iacute;odo recente caminha no sentido da redefini&ccedil;&atilde;o das condi&ccedil;&otilde;es de concorr&ecirc;ncia no setor&rdquo;, as quais estariam apontando para &ldquo;a perda da import&acirc;ncia relativa do Servi&ccedil;o Telef&ocirc;nico Fixo Comutado (STFC) e para um cen&aacute;rio de concorr&ecirc;ncia entre diferentes modalidades de servi&ccedil;os (m&oacute;vel-fixo, por exemplo) e, principalmente, entre diferentes infra-estruturas de rede&rdquo;. Neste novo ambiente, completa o texto, &ldquo;a integra&ccedil;&atilde;o das redes de alta capacidade de transmiss&atilde;o (banda larga) se afigura, portanto, como um novo imperativo concorrencial&rdquo;.<\/p>\n<p>Questionado sobre a atualiza&ccedil;&atilde;o do PGO e do PGR em reuni&atilde;o do Conselho Consultivo da Anatel realizada h&aacute; pouco mais de um m&ecirc;s, o integrante do Conselho Diretor da ag&ecirc;ncia Pedro Jaime Ziller refor&ccedil;ou a posi&ccedil;&atilde;o. &ldquo;O que o PGO est&aacute; fazendo &eacute; estabelecendo competi&ccedil;&atilde;o para frente. A telefonia local n&atilde;o &eacute; mais a quest&atilde;o, &eacute; a banda larga&rdquo;, afirmou. No entanto, para especialistas entrevistados pelo <strong style=\"font-style: normal\">Observat&oacute;rio do Direito &agrave; Comunica&ccedil;&atilde;o<\/strong>, a defini&ccedil;&atilde;o pela &ldquo;fal&ecirc;ncia&rdquo; da telefonia fixa est&aacute; sendo feita sem levar em considera&ccedil;&atilde;o a import&acirc;ncia que este servi&ccedil;o tem para parte consider&aacute;vel da popula&ccedil;&atilde;o brasileira.<\/p>\n<p>A advogada do Instituto ProTeste e integrante do Conselho Consultivo da Anatel Fl&aacute;via Lef&eacute;vre &eacute; uma das que discordam que o papel desempenhado pelo STFC se esgotou. &ldquo;Ele cumpre papel no pa&iacute;s fundamental. A rede do STFC est&aacute; subutilizada porque ela tem condi&ccedil;&otilde;es de ter muito mais acessos instalados do que tem hoje&rdquo;, diz. Realmente, se analisado o alcance da rede de telefonia fixa em rela&ccedil;&atilde;o ao seu uso &eacute; poss&iacute;vel perceber forte contraste. <\/p>\n<p>Segundo o &ldquo;Atlas das Telecomunica&ccedil;&otilde;es&rdquo; da revista especializada <em>Teletime<\/em>, as operadoras deste servi&ccedil;o alcan&ccedil;am praticamente todos os munic&iacute;pios do pa&iacute;s (5.560) e chegam a mais de 180 milh&otilde;es de brasileiros. No, entanto, h&aacute; apenas 51 milh&otilde;es de linhas de telefone instaladas, sendo 39 milh&otilde;es em funcionamento. A teledensidade &ndash; indicador que mede a penetra&ccedil;&atilde;o da telefonia em uma determinada regi&atilde;o &ndash; do Brasil ficou, em 2006, em cerca de 27,2 linhas instaladas por 100 habitantes. Se considerado que nem todas estas linhas s&atilde;o utilizadas, o &iacute;ndice cairia at&eacute; dois pontos percentuais. &ldquo;Enquanto na Fran&ccedil;a ou na Espanha a teledensidade chega a mais de 70%, no Brasil ela fica na casa dos 20%&rdquo;, compara Fl&aacute;via Lef&eacute;vre.<\/p>\n<p><strong>Universalizar o qu&ecirc;?<\/strong><\/p>\n<p>O foco na amplia&ccedil;&atilde;o da oferta de banda larga ficou expl&iacute;cito na mudan&ccedil;a do Plano Geral de Metas de Universaliza&ccedil;&atilde;o (PGMU). A norma foi atualizada a partir de um acordo entre governo federal e concession&aacute;rias de STFC no qual a obriga&ccedil;&atilde;o de instala&ccedil;&atilde;o de pontos de servi&ccedil;os de telecomunica&ccedil;&otilde;es (PSTs) &ndash; estruturas com acesso telef&ocirc;nico &ndash; em todas as localidades do pa&iacute;s foi transformada na exig&ecirc;ncia de implanta&ccedil;&atilde;o de redes de conex&atilde;o &agrave; Internet (backhauls) em todas as cidades brasileiras. Com isso, as operadoras deixam de ter que levar telefones a todo o territ&oacute;rio nacional para construir uma infra-estrutura que depois ser&aacute; explorada comercialmente por provedores de Internet. Em troca o governo ganhou conectividade &ldquo;gratuita&rdquo; para 55 mil escolas p&uacute;blicas at&eacute; 2025, o que se concretizou no programa Banda Larga nas Escolas. <\/p>\n<p>Na avalia&ccedil;&atilde;o do coordenador do Laborat&oacute;rio de Pol&iacute;ticas P&uacute;blicas da UnB, Murilo Ramos, este processo est&aacute; criando um &ldquo;paroxismo da banda larga&rdquo;. &ldquo;Est&aacute; se dando de gra&ccedil;a a id&eacute;ia de que o STFC est&aacute; morto, mas se est&aacute; se matando o &uacute;nico servi&ccedil;o p&uacute;blico de telecomunica&ccedil;&otilde;es, aquele que o Estado &eacute; obrigado a levar a cada um de n&oacute;s&rdquo;, alerta. Segundo Ramos, acaba-se a&iacute; com um servi&ccedil;o essencial para a popula&ccedil;&atilde;o. &ldquo;Telefone tem papel fundamental, n&atilde;o de acessar a Internet, mas de colocar pessoas em contato com as pessoas&rdquo;, considera. <\/p>\n<p>Segundo Fl&aacute;via Lef&eacute;vre, enquanto o governo abre m&atilde;o de um servi&ccedil;o cuja base de opera&ccedil;&atilde;o foi paga pela popula&ccedil;&atilde;o por meio da cobran&ccedil;a da assinatura b&aacute;sica, reverte o fluxo destes recursos para a constru&ccedil;&atilde;o dos backhauls, justificando a manuten&ccedil;&atilde;o da assinatura b&aacute;sica e das altas tarifas da telefonia fixa.<\/p>\n<p style=\"margin-bottom: 0cm\" class=\"western padrao\">Questionado sobre isso, o conselheiro Pedro Jaime Ziller confirmou que o &ldquo;custo destas redes [backhauls] vai vir da tarifa do STFC&rdquo;. &ldquo;Ou seja, por meio de um servi&ccedil;o p&uacute;blico v&atilde;o bancar a estrutura&ccedil;&atilde;o de um servi&ccedil;o privado que vai atingir muito menos pessoas que as 40 milh&otilde;es de pessoas que t&ecirc;m telefonia fixa&rdquo;, conclui a advogada do ProTeste.<\/p>\n<p>Segundo a pesquisa anual do Comit&ecirc; Gestor da Internet no Brasil (CGI.br), a conex&atilde;o por banda larga atinge metade dos 17% de domic&iacute;lios com acesso &agrave; Internet no pa&iacute;s. Embora o crescimento tenha sido de 10% entre 2006 e 2007, esta tecnologia ainda est&aacute; dispon&iacute;vel para menos de 10% das resid&ecirc;ncias brasileiras. <\/p>\n<p>Outra preocupa&ccedil;&atilde;o &eacute; a din&acirc;mica de &ldquo;exclus&atilde;o pelo pre&ccedil;o&rdquo; no setor de banda larga. De acordo com dados do CGI.br, enquanto 41% das pessoas com renda de at&eacute; 2 sal&aacute;rios m&iacute;nimos por m&ecirc;s com internet em casa t&ecirc;m banda larga, o &iacute;ndice aumenta para 57% quando consideradas pessoas com mais de 5 sal&aacute;rios m&iacute;nimos. Ou seja, se houver a expans&atilde;o desta forma de conectividade no pa&iacute;s, ela atingir&aacute; primeiro a popula&ccedil;&atilde;o que j&aacute; possui acesso &agrave; Internet ou computador em casa, e n&atilde;o os cidad&atilde;os que est&atilde;o apartados da possibilidade de fazer uma liga&ccedil;&atilde;o. <\/p>\n<p>&ldquo;Hoje h&aacute; uma situa&ccedil;&atilde;o de risco, principalmente para o cidad&atilde;o pobre&rdquo;, constata Murilo Ramos. Para o professor, &eacute; muito perigoso que o &uacute;nico servi&ccedil;o prestado em regime p&uacute;blico seja enfraquecido desta maneira. &ldquo;Se assumimos que o STFC est&aacute; em decl&iacute;nio, precisamos nos perguntar: o que colocaremos no lugar? Isso me traz preocupa&ccedil;&atilde;o com a presta&ccedil;&atilde;o do servi&ccedil;o p&uacute;blico de telecomunica&ccedil;&otilde;es. Talvez uma sa&iacute;da seria colocar a rede desagregada sob este estatuto&rdquo;, pondera.<\/p>\n<p><strong>Solu&ccedil;&atilde;o m&oacute;vel?<\/strong><\/p>\n<p>O acad&ecirc;mico problematiza a solu&ccedil;&atilde;o mais apontada para o problema da falta de acesso ao servi&ccedil;o de voz: a transfer&ecirc;ncia do papel de universaliza&ccedil;&atilde;o da telefonia para o servi&ccedil;o m&oacute;vel pessoal (SMP), o conhecido telefone celular. &ldquo;Aceita-se como inevit&aacute;vel o fim da telefonia fixa como se o SMP ou a Internet fosse resolver isso.&rdquo;<\/p>\n<p>Para Edison Lima, da Federa&ccedil;&atilde;o Interestadual dos Trabalhadores em Telecomunica&ccedil;&otilde;es (Fittel), esta afirma&ccedil;&atilde;o &ldquo;n&atilde;o &eacute; verdadeira&rdquo;. H&aacute; sim uma expans&atilde;o, continua o sindicalista, da oferta de servi&ccedil;os no territ&oacute;rio brasileiro, que podem ser verificadas pelo n&uacute;mero alto de celulares no pa&iacute;s, que atingiu em junho a marca de 133 milh&otilde;es. <\/p>\n<p>No entanto, a principal caracter&iacute;stica deste meio &eacute; a recep&ccedil;&atilde;o, n&atilde;o a emiss&atilde;o. Mais de 80% destes aparelhos s&atilde;o pr&eacute;-pagos, com &iacute;ndice mensal de cr&eacute;ditos, e por consequ&ecirc;ncia de minutos falados, baixo. &ldquo;Mesmo no mundo empresarial, o senso comum j&aacute; absorveu a id&eacute;ia de que o SMP &eacute; &#39;pai de santo&#39;&rdquo;, diz Murilo Ramos. O termo empregado, de uso comum, faz refer&ecirc;ncia ao personagem religioso para expressar que o aparelho &ldquo;s&oacute; recebe&rdquo;. &ldquo;Nos documentos oficiais fala-se da maravilha da universaliza&ccedil;&atilde;o via telefonia m&oacute;vel, mas isso &eacute; fal&aacute;cia. O que interessa para as pessoas &eacute; poder falar&rdquo;, completa Ramos.<\/p>\n<p><strong>**********************<br \/><u>VEJA TAMB&Eacute;M:<\/u><br \/><\/strong><br \/><a href=\"http:\/\/localhost\/intervozes_direitoacomunicacao\/wordpress\/?p=21486\">&#8211; Entidades criticam processo que define regras de telefonia<\/a> <br \/><a href=\"http:\/\/localhost\/intervozes_direitoacomunicacao\/wordpress\/?p=21490\">&#8211; Separa&ccedil;&atilde;o de telefonia e banda larga divide opini&otilde;es<\/a> <br \/><a href=\"http:\/\/localhost\/intervozes_direitoacomunicacao\/wordpress\/?p=21523\">&#8211; Caso Dantas lan&ccedil;a d&uacute;vidas sobre compra da BrT pela Oi<\/a> <br \/><a href=\"http:\/\/localhost\/intervozes_direitoacomunicacao\/wordpress\/?p=21531\">&#8211; Mudan&ccedil;a de regras &eacute; casu&iacute;smo para garantir fus&atilde;o BrT-Oi<\/a> <\/p>\n","protected":false},"excerpt":{"rendered":"<p>Novas regras e acordos privilegiam a expans\u00e3o da banda larga, mas especialistas alertam que se est\u00e1 abandonando o \u00fanico servi\u00e7o prestado em regime p\u00fablico, que tampouco pode ser considerado universal no pa\u00eds<\/p>\n","protected":false},"author":1,"featured_media":0,"comment_status":"open","ping_status":"open","sticky":false,"template":"","format":"standard","meta":{"footnotes":""},"categories":[40],"tags":[804],"_links":{"self":[{"href":"https:\/\/obscom.intervozes.org.br\/index.php?rest_route=\/wp\/v2\/posts\/21551"}],"collection":[{"href":"https:\/\/obscom.intervozes.org.br\/index.php?rest_route=\/wp\/v2\/posts"}],"about":[{"href":"https:\/\/obscom.intervozes.org.br\/index.php?rest_route=\/wp\/v2\/types\/post"}],"author":[{"embeddable":true,"href":"https:\/\/obscom.intervozes.org.br\/index.php?rest_route=\/wp\/v2\/users\/1"}],"replies":[{"embeddable":true,"href":"https:\/\/obscom.intervozes.org.br\/index.php?rest_route=%2Fwp%2Fv2%2Fcomments&post=21551"}],"version-history":[{"count":4,"href":"https:\/\/obscom.intervozes.org.br\/index.php?rest_route=\/wp\/v2\/posts\/21551\/revisions"}],"predecessor-version":[{"id":27893,"href":"https:\/\/obscom.intervozes.org.br\/index.php?rest_route=\/wp\/v2\/posts\/21551\/revisions\/27893"}],"wp:attachment":[{"href":"https:\/\/obscom.intervozes.org.br\/index.php?rest_route=%2Fwp%2Fv2%2Fmedia&parent=21551"}],"wp:term":[{"taxonomy":"category","embeddable":true,"href":"https:\/\/obscom.intervozes.org.br\/index.php?rest_route=%2Fwp%2Fv2%2Fcategories&post=21551"},{"taxonomy":"post_tag","embeddable":true,"href":"https:\/\/obscom.intervozes.org.br\/index.php?rest_route=%2Fwp%2Fv2%2Ftags&post=21551"}],"curies":[{"name":"wp","href":"https:\/\/api.w.org\/{rel}","templated":true}]}}