{"id":21547,"date":"2008-07-18T17:04:40","date_gmt":"2008-07-18T17:04:40","guid":{"rendered":"https:\/\/obscom.intervozes.org.br\/wordpress\/?p=21547"},"modified":"2008-07-18T17:04:40","modified_gmt":"2008-07-18T17:04:40","slug":"tv-publica-brasileira-faz-intercambio-de-conteudo-com-tv-angolana","status":"publish","type":"post","link":"https:\/\/obscom.intervozes.org.br\/?p=21547","title":{"rendered":"TV p\u00fablica brasileira faz interc\u00e2mbio de conte\u00fado com TV angolana"},"content":{"rendered":"<p>   \t \t \t \t \t \t \t<!-- \t\t@page { margin: 2cm } \t\tP { margin-bottom: 0.21cm } \t--> \t   <\/p>\n<p class=\"western padrao\"><u><strong>Reproduzido do Portal Imprensa<br \/><\/strong><\/u><\/p>\n<p class=\"western\">A Empresa Brasil de Comunica&ccedil;&atilde;o (EBC) e a Televis&atilde;o P&uacute;blica de Angola assinaram um acordo, nesta sexta-feira (18), na cidade do Rio de Janeiro, para aumentar a disponibilidade de informa&ccedil;&otilde;es sobre a Am&eacute;rica Latina na &Aacute;frica e ajudar a TV angolana a melhorar a qualidade de sua programa&ccedil;&atilde;o, segundo o ministro das Rela&ccedil;&otilde;es Exteriores de Angola, Jo&atilde;o Bernardo Miranda.<\/p>\n<p>A parceria permitir&aacute; ainda o interc&acirc;mbio de programas, apoio log&iacute;stico a correspondentes e treinamento para as duas equipes. &quot;O acordo permitir&aacute; aos produtores de programas de informa&ccedil;&atilde;o escolher o que &eacute; bom para um pa&iacute;s como Angola &#8211; que tem uma boa porcentagem da popula&ccedil;&atilde;o analfabeta &#8211; o que &eacute; de interesse sobre a cultura geral e quais tipos de programa permitem conhecer melhor o povo brasileiro&quot;, afirmou Miranda.<\/p>\n<p>Tereza Cruvinel, presidente da EBC, disse que o acordo faz parte de uma iniciativa da empresa para aproximar culturalmente Brasil e &Aacute;frica. &quot;&Eacute; o in&iacute;cio de uma s&eacute;rie de acordos de coopera&ccedil;&atilde;o&quot;, disse. &quot;Aproximar os dois continentes &eacute; um compromisso da EBC e uma d&iacute;vida com a &Aacute;frica&quot;.<\/p>\n<p>Ela informou ainda que, em breve, a TV Brasil ter&aacute; um correspondente em Angola e lembrou que a emissora j&aacute; exibe um programa de document&aacute;rios sobre a &Aacute;frica.<\/p>\n<p>O ministro das Rela&ccedil;&otilde;es Exteriores do Brasil, Celso Amorim, comentou a parceria, na manh&atilde; da &uacute;ltima quinta-feira (17). &quot;Temos que sair de uma rela&ccedil;&atilde;o, digamos, um pouco paternalista, para uma rela&ccedil;&atilde;o de igualdade, verdadeiramente estrat&eacute;gica&quot;, defendeu. &quot;Angola n&atilde;o &eacute; mais aquele pa&iacute;s que precisava da nossa assist&ecirc;ncia, da nossa coopera&ccedil;&atilde;o por problemas de guerra civil ou outras quest&otilde;es&quot;, afirmou o ministro.<\/p>\n<p><span class=\"padrao\"><em>Com informa&ccedil;&otilde;es da Ag&ecirc;ncia Brasil<\/em><\/span><\/p>\n","protected":false},"excerpt":{"rendered":"<p>Reproduzido do Portal Imprensa A Empresa Brasil de Comunica&ccedil;&atilde;o (EBC) e a Televis&atilde;o P&uacute;blica de Angola assinaram um acordo, nesta sexta-feira (18), na cidade do Rio de Janeiro, para aumentar a disponibilidade de informa&ccedil;&otilde;es sobre a Am&eacute;rica Latina na &Aacute;frica e ajudar a TV angolana a melhorar a qualidade de sua programa&ccedil;&atilde;o, segundo o ministro &hellip; <a href=\"https:\/\/obscom.intervozes.org.br\/?p=21547\" class=\"more-link\">Continue lendo <span class=\"screen-reader-text\">TV p\u00fablica brasileira faz interc\u00e2mbio de conte\u00fado com TV angolana<\/span> <span class=\"meta-nav\">&rarr;<\/span><\/a><\/p>\n","protected":false},"author":1,"featured_media":0,"comment_status":"open","ping_status":"open","sticky":false,"template":"","format":"standard","meta":{"footnotes":""},"categories":[39],"tags":[],"_links":{"self":[{"href":"https:\/\/obscom.intervozes.org.br\/index.php?rest_route=\/wp\/v2\/posts\/21547"}],"collection":[{"href":"https:\/\/obscom.intervozes.org.br\/index.php?rest_route=\/wp\/v2\/posts"}],"about":[{"href":"https:\/\/obscom.intervozes.org.br\/index.php?rest_route=\/wp\/v2\/types\/post"}],"author":[{"embeddable":true,"href":"https:\/\/obscom.intervozes.org.br\/index.php?rest_route=\/wp\/v2\/users\/1"}],"replies":[{"embeddable":true,"href":"https:\/\/obscom.intervozes.org.br\/index.php?rest_route=%2Fwp%2Fv2%2Fcomments&post=21547"}],"version-history":[{"count":0,"href":"https:\/\/obscom.intervozes.org.br\/index.php?rest_route=\/wp\/v2\/posts\/21547\/revisions"}],"wp:attachment":[{"href":"https:\/\/obscom.intervozes.org.br\/index.php?rest_route=%2Fwp%2Fv2%2Fmedia&parent=21547"}],"wp:term":[{"taxonomy":"category","embeddable":true,"href":"https:\/\/obscom.intervozes.org.br\/index.php?rest_route=%2Fwp%2Fv2%2Fcategories&post=21547"},{"taxonomy":"post_tag","embeddable":true,"href":"https:\/\/obscom.intervozes.org.br\/index.php?rest_route=%2Fwp%2Fv2%2Ftags&post=21547"}],"curies":[{"name":"wp","href":"https:\/\/api.w.org\/{rel}","templated":true}]}}