{"id":21546,"date":"2008-07-18T16:28:24","date_gmt":"2008-07-18T16:28:24","guid":{"rendered":"https:\/\/obscom.intervozes.org.br\/wordpress\/?p=21546"},"modified":"2008-07-18T16:28:24","modified_gmt":"2008-07-18T16:28:24","slug":"comissao-de-direitos-humanos-aprova-radio-comunitaria-para-indigenas","status":"publish","type":"post","link":"https:\/\/obscom.intervozes.org.br\/?p=21546","title":{"rendered":"Comiss\u00e3o de Direitos Humanos aprova r\u00e1dio comunit\u00e1ria para ind\u00edgenas"},"content":{"rendered":"<p>   \t \t \t \t \t \t \t<!-- \t\t@page { margin: 2cm } \t\tP { margin-bottom: 0.21cm } \t--> \t  <\/p>\n<p style=\"margin-bottom: 0cm\" class=\"western padrao\"><u><strong>Reproduzido da Ag&ecirc;ncia C&acirc;mara<\/strong><\/u><\/p>\n<p>A Comiss&atilde;o de Direitos Humanos e Minorias aprovou na quarta-feira (16) o Projeto de Lei 2490\/07, do deputado Eduardo Valverde (PT-RO), que estende &agrave;s comunidades ind&iacute;genas o direito de operar r&aacute;dio comunit&aacute;ria. A proposta, que altera a Lei 9.612\/98, recebeu parecer favor&aacute;vel do relator, deputado Sebasti&atilde;o Bala Rocha (PDT-AP), que apresentou uma emenda apenas para corrigir um erro de reda&ccedil;&atilde;o.<\/p>\n<p>Para o relator, o projeto atende &agrave; necessidade de conferir aos &iacute;ndios um meio de difundir sua cultura, tradi&ccedil;&otilde;es e h&aacute;bitos. De acordo com o texto, s&oacute; poder&atilde;o dispor de r&aacute;dio comunit&aacute;ria as comunidades reconhecidas pelo Estado. Atualmente, a Lei 9.612\/98 concede o direito de explorar esse servi&ccedil;o apenas &agrave;s funda&ccedil;&otilde;es e associa&ccedil;&otilde;es comunit&aacute;rias, sem fins lucrativos e legalmente institu&iacute;das.<\/p>\n<p>A proposta, que tramita em car&aacute;ter conclusivo, ainda ser&aacute; analisada pelas comiss&otilde;es de Ci&ecirc;ncia e Tecnologia, Comunica&ccedil;&atilde;o e Inform&aacute;tica; e de Constitui&ccedil;&atilde;o e Justi&ccedil;a e de Cidadania.<\/p>\n","protected":false},"excerpt":{"rendered":"<p>Reproduzido da Ag&ecirc;ncia C&acirc;mara A Comiss&atilde;o de Direitos Humanos e Minorias aprovou na quarta-feira (16) o Projeto de Lei 2490\/07, do deputado Eduardo Valverde (PT-RO), que estende &agrave;s comunidades ind&iacute;genas o direito de operar r&aacute;dio comunit&aacute;ria. A proposta, que altera a Lei 9.612\/98, recebeu parecer favor&aacute;vel do relator, deputado Sebasti&atilde;o Bala Rocha (PDT-AP), que apresentou &hellip; <a href=\"https:\/\/obscom.intervozes.org.br\/?p=21546\" class=\"more-link\">Continue lendo <span class=\"screen-reader-text\">Comiss\u00e3o de Direitos Humanos aprova r\u00e1dio comunit\u00e1ria para ind\u00edgenas<\/span> <span class=\"meta-nav\">&rarr;<\/span><\/a><\/p>\n","protected":false},"author":1,"featured_media":0,"comment_status":"open","ping_status":"open","sticky":false,"template":"","format":"standard","meta":{"footnotes":""},"categories":[39],"tags":[],"_links":{"self":[{"href":"https:\/\/obscom.intervozes.org.br\/index.php?rest_route=\/wp\/v2\/posts\/21546"}],"collection":[{"href":"https:\/\/obscom.intervozes.org.br\/index.php?rest_route=\/wp\/v2\/posts"}],"about":[{"href":"https:\/\/obscom.intervozes.org.br\/index.php?rest_route=\/wp\/v2\/types\/post"}],"author":[{"embeddable":true,"href":"https:\/\/obscom.intervozes.org.br\/index.php?rest_route=\/wp\/v2\/users\/1"}],"replies":[{"embeddable":true,"href":"https:\/\/obscom.intervozes.org.br\/index.php?rest_route=%2Fwp%2Fv2%2Fcomments&post=21546"}],"version-history":[{"count":0,"href":"https:\/\/obscom.intervozes.org.br\/index.php?rest_route=\/wp\/v2\/posts\/21546\/revisions"}],"wp:attachment":[{"href":"https:\/\/obscom.intervozes.org.br\/index.php?rest_route=%2Fwp%2Fv2%2Fmedia&parent=21546"}],"wp:term":[{"taxonomy":"category","embeddable":true,"href":"https:\/\/obscom.intervozes.org.br\/index.php?rest_route=%2Fwp%2Fv2%2Fcategories&post=21546"},{"taxonomy":"post_tag","embeddable":true,"href":"https:\/\/obscom.intervozes.org.br\/index.php?rest_route=%2Fwp%2Fv2%2Ftags&post=21546"}],"curies":[{"name":"wp","href":"https:\/\/api.w.org\/{rel}","templated":true}]}}