{"id":21541,"date":"2008-07-17T18:58:31","date_gmt":"2008-07-17T18:58:31","guid":{"rendered":"https:\/\/obscom.intervozes.org.br\/wordpress\/?p=21541"},"modified":"2008-07-17T18:58:31","modified_gmt":"2008-07-17T18:58:31","slug":"congresso-de-publicidade-cria-forum-permanente-da-industria-da-comunicacao","status":"publish","type":"post","link":"https:\/\/obscom.intervozes.org.br\/?p=21541","title":{"rendered":"Congresso de Publicidade cria f\u00f3rum permanente da &#8220;ind\u00fastria da comunica\u00e7\u00e3o&#8221;"},"content":{"rendered":"<p>   \t \t \t \t \t \t \t<!-- \t\t@page { margin: 2cm } \t\tP { margin-bottom: 0.21cm } \t--> \t   <\/p>\n<p style=\"margin-bottom: 0cm\" class=\"western padrao\">Como as edi&ccedil;&otilde;es anteriores criaram marcos para o neg&oacute;cio da publicidade, a pergunta recorrente ontem no encerramento do IV Congresso Brasileiro de Publicidade, em S&atilde;o Paulo, era qual seria a proposta que sintetizaria a atual. O &uacute;ltimo Congresso, realizado h&aacute; 30 anos, criou o Conar, que &eacute; reconhecido como eficiente instrumento de auto-regulamenta&ccedil;&atilde;o do mercado.<\/p>\n<p>Os organizadores Dalton Pastore, presidente da Associa&ccedil;&atilde;o Brasileira de Ag&ecirc;ncias de Publicidade (Abap), e Luiz Lara, presidente da ag&ecirc;ncia LewLaraTBWA, n&atilde;o titubearam na resposta: &quot;Agora somos uma &#39;ind&uacute;stria da comunica&ccedil;&atilde;o&#39;, unida pelos interesses comuns desse mercado, que movimenta cerca de R$ 57 bilh&otilde;es ao ano.&quot; <\/p>\n<p>A prova disso, segundo eles, est&aacute; no fato de que nunca as ag&ecirc;ncias de publicidade, os ve&iacute;culos de comunica&ccedil;&atilde;o e os prestadores de servi&ccedil;os de marketing se reuniram com tanta representatividade num mesmo evento como ocorreu nos &uacute;ltimos tr&ecirc;s dias. &quot;O nosso mercado era visto como o de um monte de estrelas publicit&aacute;rias incapazes de conversarem entre si por pura vaidade&quot;, diz Pastore. &quot;Mostramos que n&atilde;o s&oacute; juntamos 31 entidades em prol de teses comuns, mas tamb&eacute;m que vamos unificar os nossos c&oacute;digos de &eacute;tica e tra&ccedil;ar regras de governan&ccedil;a e procedimentos seguidos por todos&quot;, diz Lara. <\/p>\n<p>Na pr&aacute;tica, os profissionais do setor produziram uma articula&ccedil;&atilde;o pol&iacute;tica at&eacute; ent&atilde;o inexistente. Haver&aacute;, a partir de agora, um F&oacute;rum Permanente para a discuss&atilde;o dos temas que afetam o setor, com data j&aacute; agendada para a pr&oacute;xima reuni&atilde;o geral, em maio de 2009. Al&eacute;m disso, tamb&eacute;m ser&aacute; dado apoio formal &agrave; rec&eacute;m-criada Frente Parlamentar da Comunica&ccedil;&atilde;o Social, no Congresso Nacional. A inten&ccedil;&atilde;o &eacute; auxiliar e esclarecer deputados e senadores que criarem projetos de lei sobre a atividade. <\/p>\n<p>H&aacute; uma boa raz&atilde;o para isso. Atualmente, existem cerca de 300 projetos que, de alguma forma, tentam restringir a atua&ccedil;&atilde;o da publicidade ou dos meios de comunica&ccedil;&atilde;o. <\/p>\n<p>Foi por isso mesmo que um dos debates recorrentes do IV Congresso foi a relev&acirc;ncia da liberdade de express&atilde;o comercial. Da parte dos publicit&aacute;rios, em defesa da linguagem criativa nos an&uacute;ncios e da necessidade de os anunciantes exibirem seus produtos e servi&ccedil;os. Da parte dos ve&iacute;culos, em prol da boa propaganda, que d&aacute; condi&ccedil;&otilde;es de manuten&ccedil;&atilde;o da qualidade do bom jornalismo e do entretenimento produzido por eles. <\/p>\n<p>&quot;O Congresso atestou a for&ccedil;a do mercado brasileiro de comunica&ccedil;&atilde;o, do talento dos profissionais que nele atuam e que j&aacute; est&atilde;o se internacionalizando. Tudo, l&oacute;gico, impulsionado por uma economia em fase pujante&quot;, diz o publicit&aacute;rio Daniel Barbar&aacute;, coordenador de uma das 15 comiss&otilde;es que se reuniram no evento. &quot;Mas tamb&eacute;m exp&ocirc;s fragilidades pr&oacute;prias de uma economia subdesenvolvida e de um mercado que precisa se organizar para mudar de patamar.&quot;<\/p>\n<p>Foram dez meses de trabalho dedicados &agrave; realiza&ccedil;&atilde;o do IV Congresso, com alguns resultados pr&aacute;ticos, como a conscientiza&ccedil;&atilde;o de que as empresas do setor devem reivindicar, unidas, melhor remunera&ccedil;&atilde;o para toda a cadeia de servi&ccedil;os prestados no entorno do neg&oacute;cio da propaganda. &Eacute; o caso das produ&ccedil;&otilde;es de filmes comerciais, de operadoras de som, assim como das ag&ecirc;ncias de eventos e a&ccedil;&otilde;es de marketing nos pontos-de-venda. <\/p>\n<p>Entre as teses aprovadas no evento est&aacute; a implanta&ccedil;&atilde;o da grife &quot;criado no Brasil&quot;, no lugar de &quot;made in Brazil&quot;, para assinar todos os produtos e servi&ccedil;os com origem no Pa&iacute;s.<\/p>\n","protected":false},"excerpt":{"rendered":"<p>Como as edi&ccedil;&otilde;es anteriores criaram marcos para o neg&oacute;cio da publicidade, a pergunta recorrente ontem no encerramento do IV Congresso Brasileiro de Publicidade, em S&atilde;o Paulo, era qual seria a proposta que sintetizaria a atual. O &uacute;ltimo Congresso, realizado h&aacute; 30 anos, criou o Conar, que &eacute; reconhecido como eficiente instrumento de auto-regulamenta&ccedil;&atilde;o do mercado. &hellip; <a href=\"https:\/\/obscom.intervozes.org.br\/?p=21541\" class=\"more-link\">Continue lendo <span class=\"screen-reader-text\">Congresso de Publicidade cria f\u00f3rum permanente da &#8220;ind\u00fastria da comunica\u00e7\u00e3o&#8221;<\/span> <span class=\"meta-nav\">&rarr;<\/span><\/a><\/p>\n","protected":false},"author":1,"featured_media":0,"comment_status":"open","ping_status":"open","sticky":false,"template":"","format":"standard","meta":{"footnotes":""},"categories":[40],"tags":[816],"_links":{"self":[{"href":"https:\/\/obscom.intervozes.org.br\/index.php?rest_route=\/wp\/v2\/posts\/21541"}],"collection":[{"href":"https:\/\/obscom.intervozes.org.br\/index.php?rest_route=\/wp\/v2\/posts"}],"about":[{"href":"https:\/\/obscom.intervozes.org.br\/index.php?rest_route=\/wp\/v2\/types\/post"}],"author":[{"embeddable":true,"href":"https:\/\/obscom.intervozes.org.br\/index.php?rest_route=\/wp\/v2\/users\/1"}],"replies":[{"embeddable":true,"href":"https:\/\/obscom.intervozes.org.br\/index.php?rest_route=%2Fwp%2Fv2%2Fcomments&post=21541"}],"version-history":[{"count":0,"href":"https:\/\/obscom.intervozes.org.br\/index.php?rest_route=\/wp\/v2\/posts\/21541\/revisions"}],"wp:attachment":[{"href":"https:\/\/obscom.intervozes.org.br\/index.php?rest_route=%2Fwp%2Fv2%2Fmedia&parent=21541"}],"wp:term":[{"taxonomy":"category","embeddable":true,"href":"https:\/\/obscom.intervozes.org.br\/index.php?rest_route=%2Fwp%2Fv2%2Fcategories&post=21541"},{"taxonomy":"post_tag","embeddable":true,"href":"https:\/\/obscom.intervozes.org.br\/index.php?rest_route=%2Fwp%2Fv2%2Ftags&post=21541"}],"curies":[{"name":"wp","href":"https:\/\/api.w.org\/{rel}","templated":true}]}}