{"id":21536,"date":"2008-07-17T15:49:04","date_gmt":"2008-07-17T15:49:04","guid":{"rendered":"https:\/\/obscom.intervozes.org.br\/wordpress\/?p=21536"},"modified":"2008-07-17T15:49:04","modified_gmt":"2008-07-17T15:49:04","slug":"eleicao-na-fundacao-padre-anchieta-suspensa-em-junho-por-falta-de-quorum-ainda-nao-foi-marcada","status":"publish","type":"post","link":"https:\/\/obscom.intervozes.org.br\/?p=21536","title":{"rendered":"Elei\u00e7\u00e3o na Funda\u00e7\u00e3o Padre Anchieta, suspensa em junho por falta de qu\u00f3rum, ainda n\u00e3o foi marcada"},"content":{"rendered":"<p>   \t \t \t \t \t \t \t<!-- \t\t@page { margin: 2cm } \t\tP { margin-bottom: 0.21cm } \t--> \t     <\/p>\n<p style=\"margin-bottom: 0cm\" class=\"western\">&nbsp;<\/p>\n<p style=\"margin-bottom: 0cm\" class=\"western padrao\">Passados 37 dias da reuni&atilde;o frustrada que pretendia eleger os novos conselheiros da Funda&ccedil;&atilde;o Padre Anchieta, mantenedora da TV Cultura de S&atilde;o Paulo, ainda h&aacute; n&atilde;o previs&atilde;o para um novo encontro. A primeira reuni&atilde;o, marcada para o dia 10 de junho, foi adiada por n&atilde;o atingir o quorum m&iacute;nimo de presen&ccedil;a &ndash; um ter&ccedil;o de seus 47 membros. Entre as pautas que aguardam resolu&ccedil;&atilde;o do Conselho Curador consta a elei&ccedil;&atilde;o de seis novos membros e a reelei&ccedil;&atilde;o de mais dois.<\/p>\n<p>O Conselho da FPA &eacute; composto por 2 membros vital&iacute;cios, 20 membros natos, 23 membros eleitos e 1 representante dos funcion&aacute;rios. Os eleitos s&atilde;o indicados por seus pr&oacute;prios integrantes e referendados pelo conjunto. Belis&aacute;rio dos Santos Junior e Luiz Fernando Furquim ser&atilde;o reconduzidos, enquanto Gabriel Jorge Ferreira (diretor do Unibanco e ex-presidente da Febraban), Paulo Roberto Mendon&ccedil;a (diretor jur&iacute;dico do Banco do Estado do Esp&iacute;rito Santo), a condessa Sabine Lovatelli e o arquiteto Paulo Mendes da Rocha ser&atilde;o os novos conselheiros.<\/p>\n","protected":false},"excerpt":{"rendered":"<p>&nbsp; Passados 37 dias da reuni&atilde;o frustrada que pretendia eleger os novos conselheiros da Funda&ccedil;&atilde;o Padre Anchieta, mantenedora da TV Cultura de S&atilde;o Paulo, ainda h&aacute; n&atilde;o previs&atilde;o para um novo encontro. A primeira reuni&atilde;o, marcada para o dia 10 de junho, foi adiada por n&atilde;o atingir o quorum m&iacute;nimo de presen&ccedil;a &ndash; um ter&ccedil;o &hellip; <a href=\"https:\/\/obscom.intervozes.org.br\/?p=21536\" class=\"more-link\">Continue lendo <span class=\"screen-reader-text\">Elei\u00e7\u00e3o na Funda\u00e7\u00e3o Padre Anchieta, suspensa em junho por falta de qu\u00f3rum, ainda n\u00e3o foi marcada<\/span> <span class=\"meta-nav\">&rarr;<\/span><\/a><\/p>\n","protected":false},"author":1,"featured_media":0,"comment_status":"open","ping_status":"open","sticky":false,"template":"","format":"standard","meta":{"footnotes":""},"categories":[39],"tags":[],"_links":{"self":[{"href":"https:\/\/obscom.intervozes.org.br\/index.php?rest_route=\/wp\/v2\/posts\/21536"}],"collection":[{"href":"https:\/\/obscom.intervozes.org.br\/index.php?rest_route=\/wp\/v2\/posts"}],"about":[{"href":"https:\/\/obscom.intervozes.org.br\/index.php?rest_route=\/wp\/v2\/types\/post"}],"author":[{"embeddable":true,"href":"https:\/\/obscom.intervozes.org.br\/index.php?rest_route=\/wp\/v2\/users\/1"}],"replies":[{"embeddable":true,"href":"https:\/\/obscom.intervozes.org.br\/index.php?rest_route=%2Fwp%2Fv2%2Fcomments&post=21536"}],"version-history":[{"count":0,"href":"https:\/\/obscom.intervozes.org.br\/index.php?rest_route=\/wp\/v2\/posts\/21536\/revisions"}],"wp:attachment":[{"href":"https:\/\/obscom.intervozes.org.br\/index.php?rest_route=%2Fwp%2Fv2%2Fmedia&parent=21536"}],"wp:term":[{"taxonomy":"category","embeddable":true,"href":"https:\/\/obscom.intervozes.org.br\/index.php?rest_route=%2Fwp%2Fv2%2Fcategories&post=21536"},{"taxonomy":"post_tag","embeddable":true,"href":"https:\/\/obscom.intervozes.org.br\/index.php?rest_route=%2Fwp%2Fv2%2Ftags&post=21536"}],"curies":[{"name":"wp","href":"https:\/\/api.w.org\/{rel}","templated":true}]}}