{"id":21530,"date":"2008-07-15T19:56:38","date_gmt":"2008-07-15T19:56:38","guid":{"rendered":"https:\/\/obscom.intervozes.org.br\/wordpress\/?p=21530"},"modified":"2008-07-15T19:56:38","modified_gmt":"2008-07-15T19:56:38","slug":"consulta-do-minicom-sobre-politicas-publicas-tem-mais-de-26-mil-contribuicoes","status":"publish","type":"post","link":"https:\/\/obscom.intervozes.org.br\/?p=21530","title":{"rendered":"Consulta do Minicom sobre pol\u00edticas p\u00fablicas tem mais de 2,6 mil contribui\u00e7\u00f5es"},"content":{"rendered":"<p><span class=\"padrao\">Em dois meses e meio no ar, a consulta do Minist&eacute;rio das Comunica&ccedil;&otilde;es destinada a definir politicas p&uacute;blicas para o setor de telecomunica&ccedil;&otilde;es obteve 2.612 contribui&ccedil;&otilde;es, enviadas pelo p&uacute;blico no per&iacute;odo de 24 de abril a 9 de julho e que j&aacute; representam um calhama&ccedil;o de mais de 260 laudas. Fonte do minist&eacute;rio afirmou que a equipe do ministro H&eacute;lio Costa avalia os pr&oacute;ximos passos da consulta, a partir da compila&ccedil;&atilde;o dos dados obtidos na primeira fase de coleta de contribui&ccedil;&otilde;es, encerrada semana passada.  <\/span>    <\/p>\n<p style=\"margin-bottom: 0cm\" class=\"western padrao\">Entre as pr&oacute;ximas etapas sob an&aacute;lise para a consulta p&uacute;blica, o Minist&eacute;rio pretende abrir novo prazo para envio de contribui&ccedil;&otilde;es, permitindo que o autor de uma proposta comente as sugest&otilde;es alheias. Tamb&eacute;m examina a realiza&ccedil;&atilde;o de algumas audi&ecirc;ncias p&uacute;blicas para manifesta&ccedil;&atilde;o ao vivo dos interessados em diferentes cidades. Uma an&aacute;lise das contribui&ccedil;&otilde;es na p&aacute;gina do Minicom na Internet mostra grande participa&ccedil;&atilde;o de pessoas f&iacute;sicas no processo de consulta que, preocupadas com o custo dos servi&ccedil;os, prop&otilde;em at&eacute; a cria&ccedil;&atilde;o da internet gr&aacute;tis para todos.<\/p>\n<p>H&aacute; contribui&ccedil;&otilde;es de &oacute;rg&atilde;os de defesa do consumidor, como o Instituto de Defesa do Consumidor (Idec), que faz cr&iacute;tica &agrave; falta de informa&ccedil;&otilde;es sobre o tema que o minist&eacute;rio pretende discutir &ndash; pol&iacute;ticas p&uacute;blicas &#8211; e ao desconhecimento do assunto pela popula&ccedil;&atilde;o. Para o Idec, isso impede o processo de produzir um resultado de bom n&iacute;vel. &ldquo;O texto apresentado carece de explica&ccedil;&otilde;es e informa&ccedil;&otilde;es adicionais, para que o brasileiro possa compreender o contexto das pol&iacute;ticas p&uacute;blicas&rdquo;, considera o Idec.<\/p>\n<p>Alguns assuntos tamb&eacute;m s&atilde;o recorrentes na preocupa&ccedil;&atilde;o dos participantes, como a necessidade de que se amplie a competi&ccedil;&atilde;o no mercado de telefonia e se elimine o monop&oacute;lio de alguns servi&ccedil;os, como a banda larga. A desonera&ccedil;&atilde;o tribut&aacute;ria e redu&ccedil;&atilde;o da carga de impostos em toda a cadeia produtiva de servi&ccedil;os, para baratear os pre&ccedil;os &#8211; do computador, ao acesso &agrave;s redes, incluindo o provedor de conte&uacute;do -, tamb&eacute;m constitui em preocupa&ccedil;&atilde;o permanente dos coment&aacute;rios.<\/p>\n<p>Outra sugest&atilde;o que se repete &eacute; da transforma&ccedil;&atilde;o do acesso em alta velocidade &#8211; hoje um servi&ccedil;o cuja oferta &eacute; em regime de mercado -, em um servi&ccedil;o de regime p&uacute;blico, sujeito a controle de pre&ccedil;os e cumprimento de metas. Essa proposta visa a permitir que a banda larga tenha seu pr&oacute;prio plano obrigat&oacute;rio de universaliza&ccedil;&atilde;o e utilize recursos do Fust (Fundo para Universaliza&ccedil;&atilde;o dos Servi&ccedil;os de Telecomunica&ccedil;&otilde;es) para sua populariza&ccedil;&atilde;o.  <\/p>\n","protected":false},"excerpt":{"rendered":"<p>Em dois meses e meio no ar, a consulta do Minist&eacute;rio das Comunica&ccedil;&otilde;es destinada a definir politicas p&uacute;blicas para o setor de telecomunica&ccedil;&otilde;es obteve 2.612 contribui&ccedil;&otilde;es, enviadas pelo p&uacute;blico no per&iacute;odo de 24 de abril a 9 de julho e que j&aacute; representam um calhama&ccedil;o de mais de 260 laudas. Fonte do minist&eacute;rio afirmou que &hellip; <a href=\"https:\/\/obscom.intervozes.org.br\/?p=21530\" class=\"more-link\">Continue lendo <span class=\"screen-reader-text\">Consulta do Minicom sobre pol\u00edticas p\u00fablicas tem mais de 2,6 mil contribui\u00e7\u00f5es<\/span> <span class=\"meta-nav\">&rarr;<\/span><\/a><\/p>\n","protected":false},"author":1,"featured_media":0,"comment_status":"open","ping_status":"open","sticky":false,"template":"","format":"standard","meta":{"footnotes":""},"categories":[40],"tags":[81],"_links":{"self":[{"href":"https:\/\/obscom.intervozes.org.br\/index.php?rest_route=\/wp\/v2\/posts\/21530"}],"collection":[{"href":"https:\/\/obscom.intervozes.org.br\/index.php?rest_route=\/wp\/v2\/posts"}],"about":[{"href":"https:\/\/obscom.intervozes.org.br\/index.php?rest_route=\/wp\/v2\/types\/post"}],"author":[{"embeddable":true,"href":"https:\/\/obscom.intervozes.org.br\/index.php?rest_route=\/wp\/v2\/users\/1"}],"replies":[{"embeddable":true,"href":"https:\/\/obscom.intervozes.org.br\/index.php?rest_route=%2Fwp%2Fv2%2Fcomments&post=21530"}],"version-history":[{"count":0,"href":"https:\/\/obscom.intervozes.org.br\/index.php?rest_route=\/wp\/v2\/posts\/21530\/revisions"}],"wp:attachment":[{"href":"https:\/\/obscom.intervozes.org.br\/index.php?rest_route=%2Fwp%2Fv2%2Fmedia&parent=21530"}],"wp:term":[{"taxonomy":"category","embeddable":true,"href":"https:\/\/obscom.intervozes.org.br\/index.php?rest_route=%2Fwp%2Fv2%2Fcategories&post=21530"},{"taxonomy":"post_tag","embeddable":true,"href":"https:\/\/obscom.intervozes.org.br\/index.php?rest_route=%2Fwp%2Fv2%2Ftags&post=21530"}],"curies":[{"name":"wp","href":"https:\/\/api.w.org\/{rel}","templated":true}]}}