{"id":21527,"date":"2008-07-15T18:39:25","date_gmt":"2008-07-15T18:39:25","guid":{"rendered":"https:\/\/obscom.intervozes.org.br\/wordpress\/?p=21527"},"modified":"2008-07-15T18:39:25","modified_gmt":"2008-07-15T18:39:25","slug":"jornalistas-por-formacao-essencial-para-a-profissao-e-melhor-ainda-para-a-sociedade","status":"publish","type":"post","link":"https:\/\/obscom.intervozes.org.br\/?p=21527","title":{"rendered":"Jornalistas por forma\u00e7\u00e3o: essencial para a profiss\u00e3o e melhor ainda para a sociedade"},"content":{"rendered":"<p style=\"margin-bottom: 0cm\" class=\"western padrao\">Depois de uma longa tramita&ccedil;&atilde;o, o processo &#8211; (RE) 511961 &#8211; que questiona a exig&ecirc;ncia da forma&ccedil;&atilde;o espec&iacute;fica para o exerc&iacute;cio do Jornalismo entrou na pauta do Supremo Tribunal Federal e ainda este ano deve ser finalmente julgado. &Eacute;, com certeza, o momento mais importante nesta longa guerra de exatos 70 anos em defesa da regulamenta&ccedil;&atilde;o profissional dos jornalistas.<\/p>\n<p style=\"margin-bottom: 0cm\" class=\"western padrao\">&Eacute; importante esclarecer: defender que o Jornalismo seja exercido por jornalistas est&aacute; longe de ser uma quest&atilde;o unicamente corporativa. Trata-se, acima de tudo, de atender &agrave; exig&ecirc;ncia cada vez maior, na sociedade contempor&acirc;nea, de que os profissionais da comunica&ccedil;&atilde;o tenham um alto n&iacute;vel de qualifica&ccedil;&atilde;o t&eacute;cnica, te&oacute;rica e principalmente &eacute;tica.<\/p>\n<p style=\"margin-bottom: 0cm\" class=\"western padrao\">Grandes empresas de comunica&ccedil;&atilde;o n&atilde;o admitem a possibilidade de uma profiss&atilde;o organizada e regulamentada e por isso, recorreram &agrave; Justi&ccedil;a. O ataque &agrave; profiss&atilde;o jornal&iacute;stica &eacute; mais um ataque &agrave;s liberdades sociais, cujo objetivo fundamental &eacute; desregulamentar as profiss&otilde;es em geral e aumentar as barreiras &agrave; constru&ccedil;&atilde;o de um mundo mais pluralista, democr&aacute;tico e justo.  <\/p>\n<p style=\"margin-bottom: 0cm\" class=\"western padrao\">A Constitui&ccedil;&atilde;o, ao garantir a liberdade de informa&ccedil;&atilde;o jornal&iacute;stica e do exerc&iacute;cio das profiss&otilde;es, reserva &agrave; lei dispor sobre a qualifica&ccedil;&atilde;o profissional. A regulamenta&ccedil;&atilde;o das profiss&otilde;es &eacute; bastante salutar em qualquer &aacute;rea do conhecimento humano. Impor aos profissionais do Jornalismo a satisfa&ccedil;&atilde;o de requisitos m&iacute;nimos, indispens&aacute;veis ao bom desempenho do of&iacute;cio, longe de amea&ccedil;ar a liberdade de Imprensa, &eacute; um dos meios pelos quais, no estado democr&aacute;tico de direito, se garante &agrave; popula&ccedil;&atilde;o qualidade na informa&ccedil;&atilde;o prestada.<\/p>\n<p style=\"margin-bottom: 0cm\" class=\"western padrao\">Desse modo, qualquer tentativa de revogar essa norma sob a alega&ccedil;&atilde;o de inconstitucionalidade, mal disfar&ccedil;a o objetivo de banalizar a profiss&atilde;o e permitir ao patronato da comunica&ccedil;&atilde;o social desmobilizar a categoria dos jornalistas e rebaixar o n&iacute;vel salarial, tudo em preju&iacute;zo da qualidade da informa&ccedil;&atilde;o prestada &agrave; sociedade.<\/p>\n<p style=\"margin-bottom: 0cm\" class=\"western padrao\">A exist&ecirc;ncia de uma Imprensa livre, comprometida com os valores &eacute;ticos e os princ&iacute;pios fundamentais da cidadania, portanto cumpridora da fun&ccedil;&atilde;o social do Jornalismo de atender ao interesse p&uacute;blico, depende tamb&eacute;m de uma pr&aacute;tica profissional qualificada. A melhor forma, a mais democr&aacute;tica, de se preparar jornalistas capazes a desenvolver tal pr&aacute;tica &eacute; atrav&eacute;s de um curso superior de gradua&ccedil;&atilde;o em Jornalismo. <\/p>\n<p style=\"margin-bottom: 0cm\" class=\"western\">O fim da exig&ecirc;ncia da forma&ccedil;&atilde;o espec&iacute;fica fere frontalmente a sociedade em seu direito de ter informa&ccedil;&atilde;o apurada por profissionais, com qualidade t&eacute;cnica e &eacute;tica, bases para a visibilidade p&uacute;blica dos fatos, debates, vers&otilde;es e opini&otilde;es contempor&acirc;neas, atacando, portanto, o pr&oacute;prio futuro do pa&iacute;s.<\/p>\n<p style=\"margin-bottom: 0cm\" class=\"western\">N&atilde;o apenas a categoria dos jornalistas, mas toda a Na&ccedil;&atilde;o perder&aacute; se o poder de decidir quem pode ou n&atilde;o exercer a profiss&atilde;o no pa&iacute;s ficar nas m&atilde;os de interesses privados e motiva&ccedil;&otilde;es particulares. Os brasileiros e, neste momento espec&iacute;fico, os Ministros do STF, n&atilde;o podem permitir que se volte a um per&iacute;odo obscuro em que existiam donos absolutos e algozes das consci&ecirc;ncias dos jornalistas e, por conseq&uuml;&ecirc;ncia, de todos os cidad&atilde;os!<\/p>\n<p style=\"margin-bottom: 0cm\" class=\"western\"><em>* S&eacute;rgio Murilo de Andrade &eacute; presidente da Federa&ccedil;&atilde;o Nacional dos Jornalistas (Fenaj)<\/em><\/p>\n<p>&nbsp;<\/p>\n","protected":false},"excerpt":{"rendered":"<p>Depois de uma longa tramita&ccedil;&atilde;o, o processo &#8211; (RE) 511961 &#8211; que questiona a exig&ecirc;ncia da forma&ccedil;&atilde;o espec&iacute;fica para o exerc&iacute;cio do Jornalismo entrou na pauta do Supremo Tribunal Federal e ainda este ano deve ser finalmente julgado. &Eacute;, com certeza, o momento mais importante nesta longa guerra de exatos 70 anos em defesa da &hellip; <a href=\"https:\/\/obscom.intervozes.org.br\/?p=21527\" class=\"more-link\">Continue lendo <span class=\"screen-reader-text\">Jornalistas por forma\u00e7\u00e3o: essencial para a profiss\u00e3o e melhor ainda para a sociedade<\/span> <span class=\"meta-nav\">&rarr;<\/span><\/a><\/p>\n","protected":false},"author":1,"featured_media":0,"comment_status":"open","ping_status":"open","sticky":false,"template":"","format":"standard","meta":{"footnotes":""},"categories":[42],"tags":[814],"_links":{"self":[{"href":"https:\/\/obscom.intervozes.org.br\/index.php?rest_route=\/wp\/v2\/posts\/21527"}],"collection":[{"href":"https:\/\/obscom.intervozes.org.br\/index.php?rest_route=\/wp\/v2\/posts"}],"about":[{"href":"https:\/\/obscom.intervozes.org.br\/index.php?rest_route=\/wp\/v2\/types\/post"}],"author":[{"embeddable":true,"href":"https:\/\/obscom.intervozes.org.br\/index.php?rest_route=\/wp\/v2\/users\/1"}],"replies":[{"embeddable":true,"href":"https:\/\/obscom.intervozes.org.br\/index.php?rest_route=%2Fwp%2Fv2%2Fcomments&post=21527"}],"version-history":[{"count":0,"href":"https:\/\/obscom.intervozes.org.br\/index.php?rest_route=\/wp\/v2\/posts\/21527\/revisions"}],"wp:attachment":[{"href":"https:\/\/obscom.intervozes.org.br\/index.php?rest_route=%2Fwp%2Fv2%2Fmedia&parent=21527"}],"wp:term":[{"taxonomy":"category","embeddable":true,"href":"https:\/\/obscom.intervozes.org.br\/index.php?rest_route=%2Fwp%2Fv2%2Fcategories&post=21527"},{"taxonomy":"post_tag","embeddable":true,"href":"https:\/\/obscom.intervozes.org.br\/index.php?rest_route=%2Fwp%2Fv2%2Ftags&post=21527"}],"curies":[{"name":"wp","href":"https:\/\/api.w.org\/{rel}","templated":true}]}}