{"id":21511,"date":"2008-07-11T16:43:31","date_gmt":"2008-07-11T16:43:31","guid":{"rendered":"https:\/\/obscom.intervozes.org.br\/wordpress\/?p=21511"},"modified":"2008-07-11T16:43:31","modified_gmt":"2008-07-11T16:43:31","slug":"lula-diz-que-governo-discute-novas-regras-para-criacao-de-radios-comunitarias","status":"publish","type":"post","link":"https:\/\/obscom.intervozes.org.br\/?p=21511","title":{"rendered":"Lula diz que governo discute novas regras para cria\u00e7\u00e3o de r\u00e1dios comunit\u00e1rias"},"content":{"rendered":"<p>   \t \t \t \t \t \t \t<!-- \t\t@page { margin: 2cm } \t\tP { margin-bottom: 0.21cm } \t--> \t  <\/p>\n<p style=\"margin-bottom: 0cm; page-break-before: always\" class=\"western padrao\"> O presidente Lu&iacute;s In&aacute;cio Lula da Silva afirmou que est&aacute; em andamento um processo de revis&atilde;o das regras para a radiodifus&atilde;o comunit&aacute;ria. Em entrevista concedida ao programa ABCD Maior em Revista, ligado ao jornal de S&atilde;o Bernardo do Campo e que vai ao ar por canais locais de TV por assinatura, Lula disse que espera uma solu&ccedil;&atilde;o para os pr&oacute;ximos 45 dias.<\/p>\n<p>&quot;N&oacute;s fizemos uma reuni&atilde;o que envolveu a Anatel, o ministro das Comunica&ccedil;&otilde;es, Casa Civil e resolvemos criar todas as condi&ccedil;&otilde;es para democratizar as r&aacute;dios comunit&aacute;rias no Brasil. Agora, democratizar significa separar o joio do trigo. Porque tem muito pedido de r&aacute;dio comunit&aacute;ria que n&atilde;o tem nada de comunit&aacute;ria. Nem pela esquerda, nem pela direita&quot;, reconheceu o presidente.<em><\/p>\n<p>Com informa&ccedil;&otilde;es do Estad&atilde;o.com.br<\/em><\/p>\n","protected":false},"excerpt":{"rendered":"<p>O presidente Lu&iacute;s In&aacute;cio Lula da Silva afirmou que est&aacute; em andamento um processo de revis&atilde;o das regras para a radiodifus&atilde;o comunit&aacute;ria. Em entrevista concedida ao programa ABCD Maior em Revista, ligado ao jornal de S&atilde;o Bernardo do Campo e que vai ao ar por canais locais de TV por assinatura, Lula disse que espera &hellip; <a href=\"https:\/\/obscom.intervozes.org.br\/?p=21511\" class=\"more-link\">Continue lendo <span class=\"screen-reader-text\">Lula diz que governo discute novas regras para cria\u00e7\u00e3o de r\u00e1dios comunit\u00e1rias<\/span> <span class=\"meta-nav\">&rarr;<\/span><\/a><\/p>\n","protected":false},"author":1,"featured_media":0,"comment_status":"open","ping_status":"open","sticky":false,"template":"","format":"standard","meta":{"footnotes":""},"categories":[39],"tags":[],"_links":{"self":[{"href":"https:\/\/obscom.intervozes.org.br\/index.php?rest_route=\/wp\/v2\/posts\/21511"}],"collection":[{"href":"https:\/\/obscom.intervozes.org.br\/index.php?rest_route=\/wp\/v2\/posts"}],"about":[{"href":"https:\/\/obscom.intervozes.org.br\/index.php?rest_route=\/wp\/v2\/types\/post"}],"author":[{"embeddable":true,"href":"https:\/\/obscom.intervozes.org.br\/index.php?rest_route=\/wp\/v2\/users\/1"}],"replies":[{"embeddable":true,"href":"https:\/\/obscom.intervozes.org.br\/index.php?rest_route=%2Fwp%2Fv2%2Fcomments&post=21511"}],"version-history":[{"count":0,"href":"https:\/\/obscom.intervozes.org.br\/index.php?rest_route=\/wp\/v2\/posts\/21511\/revisions"}],"wp:attachment":[{"href":"https:\/\/obscom.intervozes.org.br\/index.php?rest_route=%2Fwp%2Fv2%2Fmedia&parent=21511"}],"wp:term":[{"taxonomy":"category","embeddable":true,"href":"https:\/\/obscom.intervozes.org.br\/index.php?rest_route=%2Fwp%2Fv2%2Fcategories&post=21511"},{"taxonomy":"post_tag","embeddable":true,"href":"https:\/\/obscom.intervozes.org.br\/index.php?rest_route=%2Fwp%2Fv2%2Ftags&post=21511"}],"curies":[{"name":"wp","href":"https:\/\/api.w.org\/{rel}","templated":true}]}}