{"id":21504,"date":"2008-07-11T12:59:12","date_gmt":"2008-07-11T12:59:12","guid":{"rendered":"https:\/\/obscom.intervozes.org.br\/wordpress\/?p=21504"},"modified":"2008-07-11T12:59:12","modified_gmt":"2008-07-11T12:59:12","slug":"populacao-quer-maior-participacao-do-estado-nas-telecomunicacoes","status":"publish","type":"post","link":"https:\/\/obscom.intervozes.org.br\/?p=21504","title":{"rendered":"Popula\u00e7\u00e3o quer maior participa\u00e7\u00e3o do Estado nas telecomunica\u00e7\u00f5es"},"content":{"rendered":"<p>   \t \t \t \t \t \t \t<!-- \t\t@page { margin: 2cm } \t\tP { margin-bottom: 0.21cm } \t--> \t               <\/p>\n<p style=\"margin-bottom: 0cm\" class=\"western\">Uma proposta de pol&iacute;tica p&uacute;blica, que consistia em 21 perguntas colocadas para discuss&atilde;o em sociedade a respeito do setor de telecomunica&ccedil;&otilde;es, recebeu 2.612 contribui&ccedil;&otilde;es e apontou que a popula&ccedil;&atilde;o sente falta do Estado nesse setor.<\/p>\n<p>A proposta foi colocada em consulta p&uacute;blica atrav&eacute;s da portaria 179 do Minist&eacute;rio da Comunica&ccedil;&atilde;o, em abril deste ano, e tinha dois de junho como prazo final para o recebimento de contribui&ccedil;&otilde;es, mas a data foi estendida at&eacute; a noite da &uacute;ltima quarta-feira (9).<\/p>\n<p>Entre as sugest&otilde;es colocadas pela popula&ccedil;&atilde;o, verificou-se que muitas exigiam uma certa &quot;volta do Estado&quot; ao setor de telecomunica&ccedil;&otilde;es, cuja privatiza&ccedil;&atilde;o completa uma d&eacute;cada este ano.<\/p>\n<p>&quot;Com uma empresa estatal no comando do projeto, com o prop&oacute;sito de geri-lo, o desenvolvimento e produ&ccedil;&atilde;o dos servi&ccedil;os poderia se dar por meio de metas estabelecidas pelo governo, n&atilde;o ficando a merc&ecirc; das operadoras privadas&quot;, diz Jos&eacute; Eduardo Penello Tempor&atilde;o, na sua sugest&atilde;o.<\/p>\n<p>&quot;O regime n&atilde;o deveria ser cem por cento privado. Nenhuma operadora vai disponibilizar o servi&ccedil;o para todos os brasileiros. Se o governo n&atilde;o entrar com seu &#39;capital escasso&#39;, dificilmente teremos um projeto abrangente&quot;, reitera ele.<\/p>\n<p>Leonardo Gadelha Sampaio tamb&eacute;m defende uma maior participa&ccedil;&atilde;o do Estado e relembra a Telebr&aacute;s &#8211; companhia estatal que coordenava as operadoras de telefonia de todos os Estados do pa&iacute;s at&eacute; 1998. &quot;Para estruturar a banda larga &eacute; preciso fazer um raio-X do pa&iacute;s por renda, popula&ccedil;&atilde;o, localiza&ccedil;&atilde;o dos munic&iacute;pios. Nas classes D e E, o Estado tem que entrar, assim como nos munic&iacute;pios pobres e nos mais distante, e a Telebr&aacute;s &eacute; a solu&ccedil;&atilde;o para isso&quot;, afirma.<\/p>\n<p>Matheus de Lima alega que uma empresa estatal faz-se necess&aacute;ria para centralizar a infra-estrutura de banda larga &quot;porque &eacute; anticonstitucional a popula&ccedil;&atilde;o brasileira pagar para que empresas privadas recebam o nosso dinheiro, por mais que elas invistam em infra-estrutura, ela nunca ser&aacute; nossa (falta de soberania nacional), e pior, as empresas privadas poder&atilde;o cobrar o valor que elas quiserem por um servi&ccedil;o. Igual &agrave; praga de ped&aacute;gios que estamos enfrentando hoje, mas este &eacute; um caso muito mais delicado, estamos falando de informa&ccedil;&otilde;es, imaginem uma rede privada tomar conta de cada informa&ccedil;&atilde;o p&uacute;blica transmitida&quot;.<\/p>\n<p>Felipe Soares Silveira prop&otilde;e, explicitamente, que o governo invista em &quot;uma empresa p&uacute;blica de telecomunica&ccedil;&otilde;es&quot;.<\/p>\n<p>O advogado Marcelo Bechara, membro do conselho consultivo da Anatel, afirmou que o Minist&eacute;rio quer, o quanto antes, apresentar uma pol&iacute;tica p&uacute;blica &agrave; sociedade, &quot;mas n&atilde;o vai se deixar levar pela pressa&quot; e que, por isso, al&eacute;m de ter ampliado o prazo para contribui&ccedil;&otilde;es, a pasta tamb&eacute;m vai permitir que os internautas comentem as sugest&otilde;es, como em uma r&eacute;plica, &quot;para amadurecer ainda mais o debate&quot;, disse.<\/p>\n<p>Para ele, quando a popula&ccedil;&atilde;o fala na presen&ccedil;a do Estado, &quot;n&atilde;o &eacute; necessariamente uma volta &agrave; estatiza&ccedil;&atilde;o, mas &eacute; que as pessoas sentem que, depois desses dez anos, ainda h&aacute; muito a ser feito&quot;.<\/p>\n<p>Bechara citou o celular como exemplo. &quot;As pessoas usam pouco o celular porque ele ainda &eacute; caro&quot;. Al&eacute;m disso, acrescentou que &quot;a Internet se tornou um servi&ccedil;o b&aacute;sico&quot;, mas a banda larga tamb&eacute;m &eacute; considerada cara e n&atilde;o est&aacute; dispon&iacute;vel em todo o pa&iacute;s. &quot;As pessoas sentem que falta uma vis&atilde;o mais social&quot;, completou.<\/p>\n<p><em>Com informa&ccedil;&otilde;es da Reuters<\/em><\/p>\n","protected":false},"excerpt":{"rendered":"<p>Uma proposta de pol&iacute;tica p&uacute;blica, que consistia em 21 perguntas colocadas para discuss&atilde;o em sociedade a respeito do setor de telecomunica&ccedil;&otilde;es, recebeu 2.612 contribui&ccedil;&otilde;es e apontou que a popula&ccedil;&atilde;o sente falta do Estado nesse setor. A proposta foi colocada em consulta p&uacute;blica atrav&eacute;s da portaria 179 do Minist&eacute;rio da Comunica&ccedil;&atilde;o, em abril deste ano, e &hellip; <a href=\"https:\/\/obscom.intervozes.org.br\/?p=21504\" class=\"more-link\">Continue lendo <span class=\"screen-reader-text\">Popula\u00e7\u00e3o quer maior participa\u00e7\u00e3o do Estado nas telecomunica\u00e7\u00f5es<\/span> <span class=\"meta-nav\">&rarr;<\/span><\/a><\/p>\n","protected":false},"author":1,"featured_media":0,"comment_status":"open","ping_status":"open","sticky":false,"template":"","format":"standard","meta":{"footnotes":""},"categories":[40],"tags":[512],"_links":{"self":[{"href":"https:\/\/obscom.intervozes.org.br\/index.php?rest_route=\/wp\/v2\/posts\/21504"}],"collection":[{"href":"https:\/\/obscom.intervozes.org.br\/index.php?rest_route=\/wp\/v2\/posts"}],"about":[{"href":"https:\/\/obscom.intervozes.org.br\/index.php?rest_route=\/wp\/v2\/types\/post"}],"author":[{"embeddable":true,"href":"https:\/\/obscom.intervozes.org.br\/index.php?rest_route=\/wp\/v2\/users\/1"}],"replies":[{"embeddable":true,"href":"https:\/\/obscom.intervozes.org.br\/index.php?rest_route=%2Fwp%2Fv2%2Fcomments&post=21504"}],"version-history":[{"count":0,"href":"https:\/\/obscom.intervozes.org.br\/index.php?rest_route=\/wp\/v2\/posts\/21504\/revisions"}],"wp:attachment":[{"href":"https:\/\/obscom.intervozes.org.br\/index.php?rest_route=%2Fwp%2Fv2%2Fmedia&parent=21504"}],"wp:term":[{"taxonomy":"category","embeddable":true,"href":"https:\/\/obscom.intervozes.org.br\/index.php?rest_route=%2Fwp%2Fv2%2Fcategories&post=21504"},{"taxonomy":"post_tag","embeddable":true,"href":"https:\/\/obscom.intervozes.org.br\/index.php?rest_route=%2Fwp%2Fv2%2Ftags&post=21504"}],"curies":[{"name":"wp","href":"https:\/\/api.w.org\/{rel}","templated":true}]}}