{"id":21500,"date":"2008-07-09T22:49:41","date_gmt":"2008-07-09T22:49:41","guid":{"rendered":"https:\/\/obscom.intervozes.org.br\/wordpress\/?p=21500"},"modified":"2008-07-09T22:49:41","modified_gmt":"2008-07-09T22:49:41","slug":"helio-costa-diz-que-prisao-de-dantas-nao-muda-rota-da-fusao-brt-oi","status":"publish","type":"post","link":"https:\/\/obscom.intervozes.org.br\/?p=21500","title":{"rendered":"H\u00e9lio Costa diz que pris\u00e3o de Dantas n\u00e3o muda rota da fus\u00e3o BrT-Oi"},"content":{"rendered":"<p><u><strong>Reproduzido da Ag&ecirc;ncia C&acirc;mara<\/strong><\/u><\/p>\n<p>O deputado Ivan Valente (PSOL-SP) aproveitou a presen&ccedil;a do ministro das Comunica&ccedil;&otilde;es, H&eacute;lio Costa, na audi&ecirc;ncia p&uacute;blica desta quarta-feira para question&aacute;-lo sobre a fus&atilde;o da companhia telef&ocirc;nica Oi com a Brasil Telecom. Ele quis saber se a opera&ccedil;&atilde;o ficaria prejudicada com a pris&atilde;o do empres&aacute;rio Daniel Dantas, que j&aacute; controlou a Brasil Telecom, mas vendeu sua participa&ccedil;&atilde;o antes do acordo com a Oi por mais de um bilh&atilde;o de d&oacute;lares, segundo especialistas. O ministro respondeu que n&atilde;o h&aacute; rela&ccedil;&atilde;o entre esses temas.<\/p>\n<p>Costa minimizou a participa&ccedil;&atilde;o de Dantas no neg&oacute;cio e disse que ele tem de responder &agrave; Justi&ccedil;a. Segundo o ministro, para que a fus&atilde;o seja concretizada, ainda ser&aacute; necess&aacute;rio alterar a legisla&ccedil;&atilde;o do setor. <\/p>\n<p>As mudan&ccedil;as est&atilde;o atualmente em fase de consulta p&uacute;blica.<span> A Anatel, de acordo com ele, dever&aacute; responder se duas empresas de telefonia fixa podem se fundir, e o que ela decidir valer&aacute; para todas as empresas de telecomunica&ccedil;&otilde;es do Pa&iacute;s.<\/span>  <\/p>\n","protected":false},"excerpt":{"rendered":"<p>Reproduzido da Ag&ecirc;ncia C&acirc;mara O deputado Ivan Valente (PSOL-SP) aproveitou a presen&ccedil;a do ministro das Comunica&ccedil;&otilde;es, H&eacute;lio Costa, na audi&ecirc;ncia p&uacute;blica desta quarta-feira para question&aacute;-lo sobre a fus&atilde;o da companhia telef&ocirc;nica Oi com a Brasil Telecom. Ele quis saber se a opera&ccedil;&atilde;o ficaria prejudicada com a pris&atilde;o do empres&aacute;rio Daniel Dantas, que j&aacute; controlou a &hellip; <a href=\"https:\/\/obscom.intervozes.org.br\/?p=21500\" class=\"more-link\">Continue lendo <span class=\"screen-reader-text\">H\u00e9lio Costa diz que pris\u00e3o de Dantas n\u00e3o muda rota da fus\u00e3o BrT-Oi<\/span> <span class=\"meta-nav\">&rarr;<\/span><\/a><\/p>\n","protected":false},"author":1,"featured_media":0,"comment_status":"open","ping_status":"open","sticky":false,"template":"","format":"standard","meta":{"footnotes":""},"categories":[39],"tags":[],"_links":{"self":[{"href":"https:\/\/obscom.intervozes.org.br\/index.php?rest_route=\/wp\/v2\/posts\/21500"}],"collection":[{"href":"https:\/\/obscom.intervozes.org.br\/index.php?rest_route=\/wp\/v2\/posts"}],"about":[{"href":"https:\/\/obscom.intervozes.org.br\/index.php?rest_route=\/wp\/v2\/types\/post"}],"author":[{"embeddable":true,"href":"https:\/\/obscom.intervozes.org.br\/index.php?rest_route=\/wp\/v2\/users\/1"}],"replies":[{"embeddable":true,"href":"https:\/\/obscom.intervozes.org.br\/index.php?rest_route=%2Fwp%2Fv2%2Fcomments&post=21500"}],"version-history":[{"count":0,"href":"https:\/\/obscom.intervozes.org.br\/index.php?rest_route=\/wp\/v2\/posts\/21500\/revisions"}],"wp:attachment":[{"href":"https:\/\/obscom.intervozes.org.br\/index.php?rest_route=%2Fwp%2Fv2%2Fmedia&parent=21500"}],"wp:term":[{"taxonomy":"category","embeddable":true,"href":"https:\/\/obscom.intervozes.org.br\/index.php?rest_route=%2Fwp%2Fv2%2Fcategories&post=21500"},{"taxonomy":"post_tag","embeddable":true,"href":"https:\/\/obscom.intervozes.org.br\/index.php?rest_route=%2Fwp%2Fv2%2Ftags&post=21500"}],"curies":[{"name":"wp","href":"https:\/\/api.w.org\/{rel}","templated":true}]}}