{"id":21496,"date":"2008-07-08T19:17:54","date_gmt":"2008-07-08T19:17:54","guid":{"rendered":"https:\/\/obscom.intervozes.org.br\/wordpress\/?p=21496"},"modified":"2008-07-08T19:17:54","modified_gmt":"2008-07-08T19:17:54","slug":"censura-ou-intimidacao-o-protesto-da-imprensa-contra-o-judiciario","status":"publish","type":"post","link":"https:\/\/obscom.intervozes.org.br\/?p=21496","title":{"rendered":"Censura ou intimida\u00e7\u00e3o? &#8211; O protesto da imprensa contra o Judici\u00e1rio"},"content":{"rendered":"<p>   \t \t \t \t \t \t \t<!-- \t\t@page { margin: 2cm } \t\tP { margin-bottom: 0.21cm } \t--> \t    <\/p>\n<p style=\"margin-bottom: 0cm\" class=\"western\">A pergunta da urna eletr&ocirc;nica da &uacute;ltima edi&ccedil;&atilde;o deste <em>Observat&oacute;rio da Imprensa<\/em> (&quot;O protesto da imprensa contra a censura &eacute; uma intimida&ccedil;&atilde;o ao judici&aacute;rio?&quot;) deveria propiciar um pouco de autocr&iacute;tica sobre o poder de fogo da imprensa, capaz de construir ou destruir reputa&ccedil;&otilde;es e afetar a confiabilidade de institui&ccedil;&otilde;es que s&atilde;o necess&aacute;rias tamb&eacute;m &agrave; defesa da liberdade de imprensa.<\/p>\n<p>N&atilde;o me esqueci do per&iacute;odo em que jornais e revistas sofriam censura regular e sistem&aacute;tica, por &oacute;rg&atilde;os governamentais de ent&atilde;o, sem a menor possibilidade de buscar defesa ou prote&ccedil;&atilde;o junto ao Poder Judici&aacute;rio, sede em Estado de Direito e Democr&aacute;tico adequada para que sejam dirimidas quest&otilde;es que envolvam limites e\/ou viola&ccedil;&otilde;es de direitos.<\/p>\n<p>Todavia, os tempos s&atilde;o outros. Portanto, invocar o per&iacute;odo de exce&ccedil;&atilde;o como precedente que pudesse justificar a rea&ccedil;&atilde;o contra as promotoras de Justi&ccedil;a, por for&ccedil;a da insurg&ecirc;ncia diante da publica&ccedil;&atilde;o de entrevistas com candidatos a prefeitos antes de iniciado o per&iacute;odo legal de campanhas eleitorais &ndash; e o juiz eleitoral que fixou as multas contra os jornais <em>Folha de S. Paulo <\/em>e O <span><span style=\"text-decoration: none\"><em>Estado de S. Paulo <\/em><\/span><\/span>&ndash; &eacute; fazer tempestade em copo d&#39;&aacute;gua, ou dar tiro de canh&atilde;o para ca&ccedil;ar borboleta. A despropor&ccedil;&atilde;o tomou car&aacute;ter, sim, de intimida&ccedil;&atilde;o. Intimida&ccedil;&atilde;o &eacute; conduta t&iacute;pica de quem se sente poderoso(a). De fato, o poder da imprensa &eacute; incomensur&aacute;vel. Nos tempos atuais, &eacute; ineg&aacute;vel que quem det&eacute;m a informa&ccedil;&atilde;o, ou a capacidade de manipul&aacute;-la, det&eacute;m o poder.<\/p>\n<p><strong>Quem aceitaria se expor?<\/strong><\/p>\n<p>Editoriais e articulistas renomados n&atilde;o pouparam adjetivos para tachar as promotoras de Justi&ccedil;a e o juiz eleitoral de ignorantes, despreparados, chegando a ridicularizar o texto da representa&ccedil;&atilde;o e da senten&ccedil;a. Certos profissionais da &aacute;rea jur&iacute;dica, que vieram engrossar o coro do achincalhe, do deboche, do escracho, foram at&eacute; al&ccedil;ados &agrave; condi&ccedil;&atilde;o de juristas, termo esse que reservaria a bem poucas pessoas. Que saudades de um Raimundo Faoro!<\/p>\n<p>Tudo se apresentou como se os jornais todos fossem or&aacute;culos dos deuses, s&oacute; se conduzindo pelo estrito compromisso com a mais honesta informa&ccedil;&atilde;o. Ora, sabemos todos que caciques pol&iacute;ticos, de norte a sul, leste a oeste deste pa&iacute;s det&ecirc;m, entre tantos neg&oacute;cios, jornais, al&eacute;m de emissoras de r&aacute;dio e de TV &ndash; este <em>Observat&oacute;rio <\/em>fez extenso trabalho para apontar o elevado n&uacute;mero de parlamentares que t&ecirc;m concess&atilde;o de r&aacute;dio e TV [ver &quot;Concession&aacute;rios de radiodifus&atilde;o no Congresso Nacional: ilegalidade e impedimento&quot; e &quot;R&aacute;dios comunit&aacute;rias &ndash; O coronelismo eletr&ocirc;nico de novo tipo (1999-2004)&quot;]. S&oacute; para citar os mais conhecidos cl&atilde;s: de ACM, do ex-presidente Jos&eacute; Sarney e do ex-presidente Collor de Mello. E por que a propriedade de jornais &eacute; sempre t&atilde;o atraente? Tudo em honra da miss&atilde;o de levar a melhor e mais precisa informa&ccedil;&atilde;o, para que os cidad&atilde;os, todos bem informados, fa&ccedil;am a melhor escolha? N&atilde;o nos tomem por ing&ecirc;nuos!<\/p>\n<p>Acreditar que seja poss&iacute;vel distinguir entre informa&ccedil;&atilde;o e propaganda eleitoral em dada entrevista &eacute; fazer pouco caso da intelig&ecirc;ncia alheia. Nas ditas entrevistas, em nenhum momento os candidatos se viram numa situa&ccedil;&atilde;o de confronto ou questionamento que os mostrassem sem subterf&uacute;gios, lhes retirassem o discurso pr&eacute;-preparado, de sorte a permitir que o leitor\/eleitor os visse sem a maquiagem da propaganda eleitoral. Qual deles aceitaria se expor, dando muni&ccedil;&atilde;o ao advers&aacute;rio que poderia, no futuro, j&aacute; no per&iacute;odo eleitoral propriamente dito, se valer do que foi dito em resposta a uma pergunta mais capciosa, mais elaborada?<\/p>\n<p><strong>O g&eacute;rmen da destrui&ccedil;&atilde;o<\/strong><\/p>\n<p>O regramento do TSE que se seguiu s&oacute; serviu para demonstrar que a quest&atilde;o n&atilde;o estava clara. Mesmo o regramento parece ter descurado da realidade do pa&iacute;s, na qual muitos &oacute;rg&atilde;os de imprensa n&atilde;o est&atilde;o a servi&ccedil;o da informa&ccedil;&atilde;o, mas de seus pr&oacute;prios donos, candidatos a cargos eletivos, ou ligados ao grupo pol&iacute;tico destes.<\/p>\n<p>A imprensa usou novamente seu poder destruidor de reputa&ccedil;&otilde;es no epis&oacute;dio envolvendo a suspens&atilde;o por liminar &ndash; ou seja, por decis&atilde;o tempor&aacute;ria &ndash; de mat&eacute;ria que exporia irregularidades apontadas pelo TCU em rela&ccedil;&atilde;o ao Conselho Regional de Medicina de S&atilde;o Paulo. Ainda que n&atilde;o tenha sido a mais brilhante ou feliz das decis&otilde;es, ela era prec&aacute;ria, pass&iacute;vel de revis&atilde;o &ndash; como o foi &ndash; ou reforma por inst&acirc;ncia superior. <\/p>\n<p>O que n&atilde;o tem reforma, depois de publicada uma mat&eacute;ria, ap&oacute;s anos de discuss&atilde;o judicial, ainda que culmine com a condena&ccedil;&atilde;o do jornal\/revista, s&atilde;o os estragos feitos pela not&iacute;cia, pois a publica&ccedil;&atilde;o da senten&ccedil;a no jornal\/revista &ndash; se fizer parte da condena&ccedil;&atilde;o, e muitos anos depois do epis&oacute;dio, quando quase ningu&eacute;m se lembra do assunto &ndash; sai num cantinho interno das p&aacute;ginas finais de um caderno menos importante, em meio a notas sem nenhuma relev&acirc;ncia. O artigo de Carlos Brickmann sobre o direito de resposta, neste <em>Observat&oacute;rio<\/em>, aborda o assunto [ver &quot;A justi&ccedil;a, quando tarda, falha&quot;].<\/p>\n<p>Na rea&ccedil;&atilde;o dos &oacute;rg&atilde;os de imprensa e seus profissionais contra a denominada &quot;censura&quot;, que em muito extrapolou a defesa da indispens&aacute;vel liberdade de imprensa, acabou por incorporar a mesma t&aacute;tica de desqualificar o acusador ou sentenciante, muito usada por advogados criminais &ndash; aqueles &quot;juristas&quot; anteriormente mencionados &ndash; dos casos nos quais os r&eacute;us s&atilde;o do andar de cima.<\/p>\n<p>Assim, no lugar de contrariar a acusa&ccedil;&atilde;o e\/ou a decis&atilde;o, pelos meios legais adequados, desqualifica a pessoa que ocupa o cargo em institui&ccedil;&otilde;es criadas exatamente para fazer aquilo que lhes causa embara&ccedil;o.<\/p>\n<p>Quando a &uacute;nica forma de afirma&ccedil;&atilde;o da for&ccedil;a de uma entidade &eacute; a desqualifica&ccedil;&atilde;o de institui&ccedil;&otilde;es, o g&eacute;rmen da sua destrui&ccedil;&atilde;o se instala, adentrando-se na senda perigosa do salve-se quem puder.<\/p>\n<p><em>* Ana L&uacute;cia Amaral &eacute; procuradora Regional da Rep&uacute;blica, associada do Instituto de Estudos Direito e Cidadania (IEDC)<\/em><\/p>\n","protected":false},"excerpt":{"rendered":"<p>A pergunta da urna eletr&ocirc;nica da &uacute;ltima edi&ccedil;&atilde;o deste Observat&oacute;rio da Imprensa (&quot;O protesto da imprensa contra a censura &eacute; uma intimida&ccedil;&atilde;o ao judici&aacute;rio?&quot;) deveria propiciar um pouco de autocr&iacute;tica sobre o poder de fogo da imprensa, capaz de construir ou destruir reputa&ccedil;&otilde;es e afetar a confiabilidade de institui&ccedil;&otilde;es que s&atilde;o necess&aacute;rias tamb&eacute;m &agrave; defesa &hellip; <a href=\"https:\/\/obscom.intervozes.org.br\/?p=21496\" class=\"more-link\">Continue lendo <span class=\"screen-reader-text\">Censura ou intimida\u00e7\u00e3o? &#8211; O protesto da imprensa contra o Judici\u00e1rio<\/span> <span class=\"meta-nav\">&rarr;<\/span><\/a><\/p>\n","protected":false},"author":1,"featured_media":0,"comment_status":"open","ping_status":"open","sticky":false,"template":"","format":"standard","meta":{"footnotes":""},"categories":[42],"tags":[53],"_links":{"self":[{"href":"https:\/\/obscom.intervozes.org.br\/index.php?rest_route=\/wp\/v2\/posts\/21496"}],"collection":[{"href":"https:\/\/obscom.intervozes.org.br\/index.php?rest_route=\/wp\/v2\/posts"}],"about":[{"href":"https:\/\/obscom.intervozes.org.br\/index.php?rest_route=\/wp\/v2\/types\/post"}],"author":[{"embeddable":true,"href":"https:\/\/obscom.intervozes.org.br\/index.php?rest_route=\/wp\/v2\/users\/1"}],"replies":[{"embeddable":true,"href":"https:\/\/obscom.intervozes.org.br\/index.php?rest_route=%2Fwp%2Fv2%2Fcomments&post=21496"}],"version-history":[{"count":0,"href":"https:\/\/obscom.intervozes.org.br\/index.php?rest_route=\/wp\/v2\/posts\/21496\/revisions"}],"wp:attachment":[{"href":"https:\/\/obscom.intervozes.org.br\/index.php?rest_route=%2Fwp%2Fv2%2Fmedia&parent=21496"}],"wp:term":[{"taxonomy":"category","embeddable":true,"href":"https:\/\/obscom.intervozes.org.br\/index.php?rest_route=%2Fwp%2Fv2%2Fcategories&post=21496"},{"taxonomy":"post_tag","embeddable":true,"href":"https:\/\/obscom.intervozes.org.br\/index.php?rest_route=%2Fwp%2Fv2%2Ftags&post=21496"}],"curies":[{"name":"wp","href":"https:\/\/api.w.org\/{rel}","templated":true}]}}