{"id":21486,"date":"2008-07-07T14:18:51","date_gmt":"2008-07-07T14:18:51","guid":{"rendered":"https:\/\/obscom.intervozes.org.br\/wordpress\/?p=21486"},"modified":"2014-09-07T02:56:08","modified_gmt":"2014-09-07T02:56:08","slug":"entidades-criticam-processo-que-define-regras-da-telefonia","status":"publish","type":"post","link":"https:\/\/obscom.intervozes.org.br\/?p=21486","title":{"rendered":"Entidades criticam processo que define regras da telefonia"},"content":{"rendered":"<p>   \t \t \t \t \t \t \t<!-- \t\t@page { margin: 2cm } \t\tP { margin-bottom: 0.21cm } \t--> \t      <\/p>\n<p style=\"margin-bottom: 0cm\" class=\"western\"><span style=\"background: transparent none repeat scroll 0% 50%; -moz-background-clip: -moz-initial; -moz-background-origin: -moz-initial; -moz-background-inline-policy: -moz-initial\">Para entidades da sociedade civil, o processo de consulta p&uacute;blica aberto pela Ag&ecirc;ncia Nacional de Telecomunica&ccedil;&otilde;es (Anatel) para discutir a revis&atilde;o do Plano Geral de Outorgas (PGO) e a atualiza&ccedil;&atilde;o da regulamenta&ccedil;&atilde;o das telecomunica&ccedil;&otilde;es no Brasil (PGR) &eacute; pouco democr&aacute;tico e realizado sem base t&eacute;cnica. Membros do Conselho Consultivo da ag&ecirc;ncia criticam, inclusive, o n&uacute;mero pequeno de audi&ecirc;ncias p&uacute;blicas a serem realizadas. Na tarde de hoje (7\/7, segunda-feira) na cidade de S&atilde;o Paulo, ocorre a segunda das tr&ecirc;s audi&ecirc;ncias p&uacute;blicas inclu&iacute;das no processo da consulta. <\/p>\n<p><\/span>Na avalia&ccedil;&atilde;o dos conselheiros, os mecanismos de di&aacute;logo da ag&ecirc;ncia com a sociedade s&atilde;o bastante insuficientes. J&aacute; de in&iacute;cio, quando foi iniciada em 16 de junho, a consulta p&uacute;blica sobre o PGO e o PGR sofreu diversas cr&iacute;ticas pelo prazo de dura&ccedil;&atilde;o curto: 30 dias. &ldquo;Propomos que a consulta tivesse 60 dias. &Eacute; muito importante que isso seja considerado para que a sociedade debata um tema t&atilde;o relevante que vai mexer de maneira profunda no setor&rdquo;, defende Jos&eacute; Zunga, ocupante da cadeira dos usu&aacute;rios no &oacute;rg&atilde;o. <\/p>\n<p>O Conselho Consultivo entrou com pedido oficial de prorroga&ccedil;&atilde;o do prazo. Na &uacute;ltima quinta-feira (3\/7), o Conselho Diretor da Anatel discutiu o assunto mas optou por dar apenas mais 15 dias para a coleta de contribui&ccedil;&otilde;es. &ldquo;Prazo t&atilde;o curto se justifica para a consulta de um servi&ccedil;o como o de r&aacute;dio-t&aacute;xi e n&atilde;o para uma transforma&ccedil;&atilde;o que ter&aacute; profundos reflexos na evolu&ccedil;&atilde;o da sociedade brasileira neste novo s&eacute;culo&rdquo;, disparou o editor da revista especializada Teletime, Rubens Glasberg, em editoral da edi&ccedil;&atilde;o de junho do ve&iacute;culo.<\/p>\n<p>Al&eacute;m do prazo, o pr&oacute;prio mecanismo da consulta &eacute; questionado pelos conselheiros. &ldquo;O modelo de consulta p&uacute;blica da Anatel &eacute; falido. N&atilde;o dialoga com a sociedade&rdquo;, opina Jos&eacute; Zunga. Para o relator da revis&atilde;o do PGO no Conselho Consultivo, Valter Faiad, a din&acirc;mica de recebimento de contribui&ccedil;&otilde;es pelo site da Ag&ecirc;ncia n&atilde;o &ldquo;alcan&ccedil;a o p&uacute;blico de modo geral&rdquo;.<\/p>\n<p>As audi&ecirc;ncias p&uacute;blicas, que poderiam ser uma forma de est&iacute;mulo ao debate, ser&atilde;o realizadas em n&uacute;mero insuficiente. Faiad defende que este tipo de encontro aconte&ccedil;a no maior n&uacute;mero de capitais poss&iacute;vel, dando a ele alcance mais capilar. Regi&otilde;es como a Norte, por exemplo, est&atilde;o sendo esquecidas uma vez que as tr&ecirc;s audi&ecirc;ncias est&atilde;o acontecendo apenas em Bras&iacute;lia, S&atilde;o Paulo e Recife. &ldquo;O p&uacute;blico leigo n&atilde;o tem a menor no&ccedil;&atilde;o do que vai acontecer&rdquo;, alerta.<\/p>\n<p><strong>No escuro<\/strong><\/p>\n<p>Na &uacute;ltima reuni&atilde;o do Conselho Consultivo, realizada em 2 de julho, os membros da inst&acirc;ncia aproveitaram a presen&ccedil;a do integrante do Conselho Diretor Pedro Jaime Ziller para questionar as bases utilizadas para a elabora&ccedil;&atilde;o das consultas de revis&atilde;o do PGO e do PGR. Os conselheiros cobraram os estudos t&eacute;cnicos e econ&ocirc;micos que embasaram as propostas, obtendo em resposta a revela&ccedil;&atilde;o de que n&atilde;o h&aacute; an&aacute;lises t&eacute;cnicas por tr&aacute;s da proposta apresentada pelo Conselho Diretor. &ldquo;Temos que aguardar os estudos t&eacute;cnicos, pois vamos faz&ecirc;-los e ainda n&atilde;o temos nenhum dado&rdquo;, disse Ziller. <\/p>\n<p>Ou seja, diversos aspectos das duas consultas s&atilde;o apostas e previs&otilde;es dos dirigentes da ag&ecirc;ncia, e n&atilde;o resultado de cen&aacute;rios produzidos pelos t&eacute;cnicos do &oacute;rg&atilde;o que garantam alguma confiabilidade &agrave;s mudan&ccedil;as propostas. &ldquo;O que me preocupa &eacute; que uma decis&atilde;o deste quilate n&atilde;o tenha sido precedida de estudo econ&ocirc;mico&rdquo;, critica Valter Faiad. Com isso, o debate &eacute; realizado praticamente no escuro. <\/p>\n<p>Um exemplo mais preocupante &eacute; a compra da Brasil Telecom pela Oi, opera&ccedil;&atilde;o que ser&aacute; permitida com a aprova&ccedil;&atilde;o da revis&atilde;o do PGO da forma como est&aacute;. A fus&atilde;o vem sendo defendida pela dire&ccedil;&atilde;o da ag&ecirc;ncia como uma iniciativa positiva por permitir a redu&ccedil;&atilde;o do custo aos cidad&atilde;os pelo aumento de escala que a nova &ldquo;supertele&rdquo; ganharia. No entanto, a Anatel n&atilde;o fez qualquer estudo que embase esta conclus&atilde;o.<\/p>\n<p>No caso da telefonia m&oacute;vel, por exemplo, a concentra&ccedil;&atilde;o em grandes operadoras n&atilde;o gerou este barateamento final. Pesquisa recente do Instituto Observat&oacute;rio Social das Telecomunica&ccedil;&otilde;es (IOST) revelou que os pre&ccedil;os praticados por empresas de celular associadas a concession&aacute;rias de telefonia fixa, como Oi e Brasil Telecom, s&atilde;o mais caros do que de outras operadoras, como Claro, Tim e Vivo. <\/p>\n<p>Outro exemplo &eacute; a pol&ecirc;mica sobre a separa&ccedil;&atilde;o da presta&ccedil;&atilde;o de telefonia fixa e servi&ccedil;o de banda larga em duas empresas diferentes de um mesmo grupo. O argumento apresentado por Pedro Jaime Ziller &eacute; que tal medida gerar&aacute; maior competi&ccedil;&atilde;o por supostamente garantir isonomia ao permitir saber o pre&ccedil;o da venda de infra-estrutura (da empresa de telefonia) para a prestadora de servi&ccedil;o (a provedora de banda larga). <\/p>\n<p>No entanto, n&atilde;o h&aacute; levantamento com qualquer proje&ccedil;&atilde;o sobre o mercado de banda larga no Brasil que aponte para o &ecirc;xito desta medida. &ldquo;Me preocupa perceber que a mudan&ccedil;a estrutural, a segmenta&ccedil;&atilde;o, n&atilde;o tem um estudo t&eacute;cnico devidamente conclu&iacute;do. E isso &eacute; extremamente necess&aacute;rio. Estamos falando de mudan&ccedil;a complexa&rdquo;, comenta Jos&eacute; Zunga.<\/p>\n<p><strong>Fora da ordem<\/strong><\/p>\n<p>Outra cr&iacute;tica apresentada pelos conselheiros diz respeito &agrave; ordem dos debates sobre a revis&atilde;o das outorgas e a atualiza&ccedil;&atilde;o dos regulamentos de telecomunica&ccedil;&otilde;es. Na avalia&ccedil;&atilde;o de representantes da sociedade civil, &eacute; estranho alterar o plano de outorgas sem que o novo arcabou&ccedil;o normativo esteja definido. &ldquo;Se o PGR concluir que n&atilde;o tem que mudar o PGO, como fica?&rdquo;, questiona Gustavo Gindre, integrante do Intervozes &ndash; Coletivo Brasil de Comunica&ccedil;&atilde;o Social e membro do Comit&ecirc; Gestor da Internet no Brasil. <\/p>\n<p>Questionado, Pedro Jaime Ziller alegou que a revis&atilde;o do PGO &eacute; a&ccedil;&atilde;o de curt&iacute;ssimo prazo do PGR e cont&eacute;m todas as quest&otilde;es necess&aacute;rias &agrave; atualiza&ccedil;&atilde;o deste regulamento sem que isso signifique ter de aguardar este para promover aquele. Na audi&ecirc;ncia p&uacute;blica realizada em Bras&iacute;lia na quarta-feira passada (3\/7), o superintendente de servi&ccedil;os privados da Anatel, Jarbas Valente, discordou das cr&iacute;ticas. &ldquo;J&aacute; est&aacute;vamos discutindo a revis&atilde;o do PGO, s&oacute; aproveitamos para disponibiliz&aacute;-la junto com a atualiza&ccedil;&atilde;o do PGR. Em outros pa&iacute;ses tamb&eacute;m &eacute; assim&rdquo;, argumentou.<\/p>\n<p><strong>**********************<br \/><u>VEJA TAMB&Eacute;M:<\/u><br \/><\/strong><br \/><a href=\"http:\/\/localhost\/intervozes_direitoacomunicacao\/wordpress\/?p=21486\"><\/a><a href=\"http:\/\/localhost\/intervozes_direitoacomunicacao\/wordpress\/?p=21490\">&#8211; Separa&ccedil;&atilde;o de telefonia e banda larga divide opini&otilde;es<\/a> <br \/><a href=\"http:\/\/localhost\/intervozes_direitoacomunicacao\/wordpress\/?p=21523\">&#8211; Caso Dantas lan&ccedil;a d&uacute;vidas sobre compra da BrT pela Oi<\/a> <br \/><a href=\"http:\/\/localhost\/intervozes_direitoacomunicacao\/wordpress\/?p=21531\">&#8211; Mudan&ccedil;a de regras &eacute; casu&iacute;smo para garantir fus&atilde;o BrT-Oi<\/a> <br \/><a href=\"http:\/\/localhost\/intervozes_direitoacomunicacao\/wordpress\/?p=21551\">&#8211; Mudan&ccedil;as nas telecomunica&ccedil;&otilde;es enfraquem telefonia fixa<\/a> <\/p>\n","protected":false},"excerpt":{"rendered":"<p>Para membros do Conselho Consultivo da Anatel, complexidade das mudan\u00e7as no Plano Geral de Outorgas exige mais do que 45 dias de consulta p\u00fablica; faltam estudos sobre viabilidade da proposta da ag\u00eancia<\/p>\n","protected":false},"author":1,"featured_media":0,"comment_status":"open","ping_status":"open","sticky":false,"template":"","format":"standard","meta":{"footnotes":""},"categories":[40],"tags":[804],"_links":{"self":[{"href":"https:\/\/obscom.intervozes.org.br\/index.php?rest_route=\/wp\/v2\/posts\/21486"}],"collection":[{"href":"https:\/\/obscom.intervozes.org.br\/index.php?rest_route=\/wp\/v2\/posts"}],"about":[{"href":"https:\/\/obscom.intervozes.org.br\/index.php?rest_route=\/wp\/v2\/types\/post"}],"author":[{"embeddable":true,"href":"https:\/\/obscom.intervozes.org.br\/index.php?rest_route=\/wp\/v2\/users\/1"}],"replies":[{"embeddable":true,"href":"https:\/\/obscom.intervozes.org.br\/index.php?rest_route=%2Fwp%2Fv2%2Fcomments&post=21486"}],"version-history":[{"count":5,"href":"https:\/\/obscom.intervozes.org.br\/index.php?rest_route=\/wp\/v2\/posts\/21486\/revisions"}],"predecessor-version":[{"id":27874,"href":"https:\/\/obscom.intervozes.org.br\/index.php?rest_route=\/wp\/v2\/posts\/21486\/revisions\/27874"}],"wp:attachment":[{"href":"https:\/\/obscom.intervozes.org.br\/index.php?rest_route=%2Fwp%2Fv2%2Fmedia&parent=21486"}],"wp:term":[{"taxonomy":"category","embeddable":true,"href":"https:\/\/obscom.intervozes.org.br\/index.php?rest_route=%2Fwp%2Fv2%2Fcategories&post=21486"},{"taxonomy":"post_tag","embeddable":true,"href":"https:\/\/obscom.intervozes.org.br\/index.php?rest_route=%2Fwp%2Fv2%2Ftags&post=21486"}],"curies":[{"name":"wp","href":"https:\/\/api.w.org\/{rel}","templated":true}]}}